{"id":1078,"date":"2025-06-03T06:50:53","date_gmt":"2025-06-03T06:50:53","guid":{"rendered":"https:\/\/empowermigrantwomen.eu\/die-idee-hinter-empowerher-europa-staerker-machen-durch-integration"},"modified":"2025-10-27T11:12:14","modified_gmt":"2025-10-27T11:12:14","slug":"die-idee-hinter-empowerher-europa-staerker-machen-durch-integration","status":"publish","type":"post","link":"https:\/\/empowermigrantwomen.eu\/de\/die-idee-hinter-empowerher-europa-staerker-machen-durch-integration","title":{"rendered":"Die Idee hinter EmpowerHer: Europa st\u00e4rker machen durch Integration"},"content":{"rendered":"\n<p><\/p>\n\n<p><strong>Von Katrin Echtermeyer | Wisamar, Deutschland<\/strong><\/p>\n\n<p>n einer Zeit gro\u00dfer gesellschaftlicher Ver\u00e4nderungen wird der Ruf nach inklusiven und starken Gemeinschaften immer lauter. In ganz Europa sind Migrantinnen nach wie vor eine der am st\u00e4rksten unterrepr\u00e4sentierten, gleichzeitig aber vielversprechendsten Gruppen auf dem Arbeitsmarkt. EmpowerHer will das \u00e4ndern: durch gezieltes Kompetenztraining, aber vor allem durch neue Wege, wie Gesellschaft und Arbeitsmarkt Integration wirklich erm\u00f6glichen.  <\/p>\n\n<figure class=\"wp-block-image size-large\"><img fetchpriority=\"high\" decoding=\"async\" width=\"1024\" height=\"771\" src=\"https:\/\/empowermigrantwomen.eu\/wp-content\/uploads\/2025\/06\/The-idea-behind-EmpowerHer-01-1024x771.jpg\" alt=\"\" class=\"wp-image-601\" srcset=\"https:\/\/empowermigrantwomen.eu\/wp-content\/uploads\/2025\/06\/The-idea-behind-EmpowerHer-01-1024x771.jpg 1024w, https:\/\/empowermigrantwomen.eu\/wp-content\/uploads\/2025\/06\/The-idea-behind-EmpowerHer-01-300x226.jpg 300w, https:\/\/empowermigrantwomen.eu\/wp-content\/uploads\/2025\/06\/The-idea-behind-EmpowerHer-01-768x578.jpg 768w, https:\/\/empowermigrantwomen.eu\/wp-content\/uploads\/2025\/06\/The-idea-behind-EmpowerHer-01.jpg 1299w\" sizes=\"(max-width: 1024px) 100vw, 1024px\" \/><\/figure>\n\n<h2 class=\"wp-block-heading\">Eine gemeinsame europ\u00e4ische Herausforderung<\/h2>\n\n<p>Die Integration von Migrantinnen betrifft nicht nur einzelne L\u00e4nder \u2013 sie ist eine gemeinsame Aufgabe Europas. Zwar geben Zahlen wie die 22,3 Millionen Menschen mit Migrationshintergrund in Deutschland einen Anhaltspunkt, doch die Herausforderungen \u00e4hneln sich \u00fcberall: Viele qualifizierte Frauen finden keine wirklich passenden Jobs, weil systemische H\u00fcrden im Weg stehen. <\/p>\n\n<p>Sprachbarrieren, fremde soziale Systeme und fehlende gezielte Unterst\u00fctzung f\u00fchren oft dazu, dass Migrantinnen in unsichere, Teilzeit- oder unterqualifizierte Stellen geraten. Gleichzeitig fehlt in Europa dringend Fachpersonal \u2013 allein in Deutschland sind \u00fcber eine halbe Million Stellen unbesetzt. Das Problem ist klar: Frauen wollen mit ihren F\u00e4higkeiten beitragen, doch die Unterst\u00fctzung, die sie brauchen, ist bisher noch zu fragmentiert.  <\/p>\n\n<h2 class=\"wp-block-heading\">Von Kompetenzl\u00fccken zu echtem Wandel<\/h2>\n\n<p>Um dies anzugehen, bringt EmpowerHer sechs Organisationen aus f\u00fcnf europ\u00e4ischen L\u00e4ndern \u2013 Deutschland, Portugal, Frankreich, Zypern und Spanien \u2013 im Projektteam zusammen. Ziel ist es, diese L\u00fccke aus mehreren Richtungen zu schlie\u00dfen:: gezieltes Kompetenz-Training, inklusives Lehren, die Zusammenarbeit mit Arbeitgebern und \u00f6ffentliche Sensibilisierung. <\/p>\n\n<p>Statt zu erwarten, dass Frauen einfach \u201eaufholen\u201c, setzt das Projekt auf gegenseitige Anpassung: Wir wollen die Kompetenzen von Erwachsenenbildner:innen st\u00e4rken und die Strukturen an Arbeitspl\u00e4tzen verbessern \u2013 und unterst\u00fctzen gleichzeitig die Frauen, ihre Kompetenzen und ihr Selbstvertrauen zu entwickeln. So bereiten wir nicht nur die Frauen auf den Arbeitsmarkt vor, sondern sorgen auch daf\u00fcr, dass der Arbeitsmarkt bereit ist, sie willkommen zu hei\u00dfen. <\/p>\n\n<h2 class=\"wp-block-heading\">Ein Team, das Vielfalt lebt<\/h2>\n\n<p>EmpowerHer ist mehr als ein europ\u00e4isches Projekt \u2013 es ist ein Team, das interkulturelle Erfahrung wirklich lebt. Viele im Team haben selbst in anderen L\u00e4ndern gearbeitet, studiert oder gelebt. Dieser gemeinsame internationale Hintergrund pr\u00e4gt, wie das Projekt arbeitet, und st\u00e4rkt Empathie, Offenheit und Zusammenarbeit \u00fcber Grenzen hinweg.  <\/p>\n\n<p>In mehrsprachigen, interkulturellen Teams zu arbeiten, ist mehr als eine praktische Notwendigkeit \u2013 es ist eine St\u00e4rke. So kann das Projekt L\u00f6sungen entwickeln, die kulturell sensibel sind und von unterschiedlichen Lebensrealit\u00e4ten gepr\u00e4gt werden. Diese interne Vielfalt spiegelt die Werte wider, f\u00fcr die EmpowerHer steht: gegenseitiger Respekt, Anpassungsf\u00e4higkeit und inklusives Wachstum.  <\/p>\n\n<figure class=\"wp-block-image size-large\"><img decoding=\"async\" width=\"1024\" height=\"768\" src=\"https:\/\/empowermigrantwomen.eu\/wp-content\/uploads\/2025\/06\/The-idea-behind-EmpowerHer-03-1024x768.jpg\" alt=\"\" class=\"wp-image-603\" srcset=\"https:\/\/empowermigrantwomen.eu\/wp-content\/uploads\/2025\/06\/The-idea-behind-EmpowerHer-03-1024x768.jpg 1024w, https:\/\/empowermigrantwomen.eu\/wp-content\/uploads\/2025\/06\/The-idea-behind-EmpowerHer-03-300x225.jpg 300w, https:\/\/empowermigrantwomen.eu\/wp-content\/uploads\/2025\/06\/The-idea-behind-EmpowerHer-03-768x576.jpg 768w, https:\/\/empowermigrantwomen.eu\/wp-content\/uploads\/2025\/06\/The-idea-behind-EmpowerHer-03.jpg 1299w\" sizes=\"(max-width: 1024px) 100vw, 1024px\" \/><\/figure>\n\n<h2 class=\"wp-block-heading\">Die drei S\u00e4ulen von EmpowerHer<\/h2>\n\n<h3 class=\"wp-block-heading\">1. Kompetenzen gezielt st\u00e4rken<\/h3>\n\n<p>Jede Frau bringt ihre eigenen Erfahrungen, Ziele und St\u00e4rken mit. EmpowerHer schafft Lernangebote, die flexibel, zug\u00e4nglich und st\u00e4rkend sind \u2013 f\u00fcr Migrantinnen und alle, die sie begleiten. <\/p>\n\n<p>Ein zentraler Baustein ist ein sechsteiliges Trainingsprogramm f\u00fcr Erwachsenenbildner:innen. Es hilft ihnen, Soft Skills praxisnah und wirksam zu vermitteln. Lehrende aus allen Partnerl\u00e4ndern testen das Programm gemeinsam, und ihr Feedback flie\u00dft in die endg\u00fcltige Version ein.  <\/p>\n\n<p>F\u00fcr Migrantinnen selbst gibt es zwei wichtige Tools: eine \u00fcberarbeitete Version des ProfilPASS, um verborgene Potenziale sichtbar zu machen, und eine spielerische Web-App, die Soft Skills interaktiv st\u00e4rkt. So k\u00f6nnen Frauen selbst aktiv ihre pers\u00f6nliche und berufliche Entwicklung gestalten. <\/p>\n\n<h3 class=\"wp-block-heading\">2. Zusammenarbeit \u00fcber Sektoren hinweg f\u00f6rdern<\/h3>\n\n<p>Echte Inklusion gelingt nur gemeinsam. Deshalb bringt EmpowerHer Migrantinnen mit wichtigen Akteur:innen des Arbeitsmarktes zusammen. <\/p>\n\n<p>Ein Onboarding-Toolkit liefert Arbeitgeber:innen Ressourcen und Strategien, um inklusive Rekrutierung und Integration am Arbeitsplatz zu unterst\u00fctzen. Zus\u00e4tzlich gibt es 20 Info-Veranstaltungen in ganz Europa, bei denen Migrantinnen potenzielle Arbeitgeber kennenlernen, Jobm\u00f6glichkeiten entdecken und Karrierewege direkt erkunden k\u00f6nnen. <\/p>\n\n<h3 class=\"wp-block-heading\">3. Inklusion \u00fcber den Arbeitsmarkt hinaus st\u00e4rken<\/h3>\n\n<p>Integration bedeutet mehr als Arbeit \u2013 es geht auch um Sichtbarkeit, Anerkennung und Zugeh\u00f6rigkeit. <\/p>\n\n<p>Eine internationale Awareness-Kampagne gibt Migrantinnen die Chance, ihre Geschichten zu erz\u00e4hlen \u2013 Erfolge, Herausforderungen und Hoffnungen f\u00fcr die Zukunft. Videos und Multimedia-Formate in allen Partnerl\u00e4ndern zeigen die Vielfalt und Menschlichkeit hinter den Zahlen. <\/p>\n\n<p>Die Kampagne m\u00f6chte ein starkes Zeichen setzen: Migrantinnen sind Gestalterinnen von Ver\u00e4nderung, nicht nur Empf\u00e4ngerinnen von Unterst\u00fctzung.<\/p>\n\n<figure class=\"wp-block-image size-large\"><img decoding=\"async\" width=\"1024\" height=\"732\" src=\"https:\/\/empowermigrantwomen.eu\/wp-content\/uploads\/2025\/06\/The-idea-behind-EmpowerHer-02-1024x732.jpg\" alt=\"\" class=\"wp-image-602\" srcset=\"https:\/\/empowermigrantwomen.eu\/wp-content\/uploads\/2025\/06\/The-idea-behind-EmpowerHer-02-1024x732.jpg 1024w, https:\/\/empowermigrantwomen.eu\/wp-content\/uploads\/2025\/06\/The-idea-behind-EmpowerHer-02-300x214.jpg 300w, https:\/\/empowermigrantwomen.eu\/wp-content\/uploads\/2025\/06\/The-idea-behind-EmpowerHer-02-768x549.jpg 768w, https:\/\/empowermigrantwomen.eu\/wp-content\/uploads\/2025\/06\/The-idea-behind-EmpowerHer-02-1536x1097.jpg 1536w, https:\/\/empowermigrantwomen.eu\/wp-content\/uploads\/2025\/06\/The-idea-behind-EmpowerHer-02.jpg 1600w\" sizes=\"(max-width: 1024px) 100vw, 1024px\" \/><\/figure>\n\n<h2 class=\"wp-block-heading\">Eine nachhaltige Vision<br\/><\/h2>\n\n<p>EmpowerHer setzt auf langfristige Wirkung. Das Projekt bietet keine L\u00f6sungen von der Stange, sondern baut ein Unterst\u00fctzungssystem auf, das sich an echten Bed\u00fcrfnissen, Zusammenarbeit und Inklusion orientiert. Durch die Kombination von individuell zugeschnittenem Lernen, inklusiven Arbeitspraktiken und Kooperation \u00fcber Sektoren hinweg will EmpowerHer zu einem st\u00e4rkeren, vielf\u00e4ltigeren Europa beitragen.  <\/p>\n\n<p>Es geht nicht um schnelle L\u00f6sungen, sondern um dauerhaften Wandel: EmpowerHer m\u00f6chte R\u00e4ume schaffen f\u00fcr Dialog und praktische Ver\u00e4nderungen \u2013 f\u00fcr eine Gesellschaft, in der Migrantinnen erfolgreich sein, aktiv mitgestalten und sich wirklich zugeh\u00f6rig f\u00fchlen k\u00f6nnen.<\/p>\n","protected":false},"excerpt":{"rendered":"<p>Von Katrin Echtermeyer | Wisamar, Deutschland n einer Zeit gro\u00dfer gesellschaftlicher Ver\u00e4nderungen wird der Ruf nach inklusiven und starken Gemeinschaften immer lauter. In ganz Europa sind Migrantinnen nach wie vor eine der am st\u00e4rksten unterrepr\u00e4sentierten, gleichzeitig aber vielversprechendsten Gruppen auf dem Arbeitsmarkt. EmpowerHer will das \u00e4ndern: durch gezieltes Kompetenztraining, aber vor allem durch neue Wege, [&hellip;]<\/p>\n","protected":false},"author":1,"featured_media":798,"comment_status":"open","ping_status":"open","sticky":false,"template":"","format":"standard","meta":{"_eb_attr":"","footnotes":""},"categories":[42],"tags":[],"class_list":["post-1078","post","type-post","status-publish","format-standard","has-post-thumbnail","hentry","category-article"],"yoast_head":"<!-- This site is optimized with the Yoast SEO plugin v27.4 - https:\/\/yoast.com\/product\/yoast-seo-wordpress\/ -->\n<title>Die Idee hinter EmpowerHer: Europa st\u00e4rker machen durch Integration - EmpowerHer<\/title>\n<meta name=\"robots\" content=\"index, follow, max-snippet:-1, max-image-preview:large, max-video-preview:-1\" \/>\n<link rel=\"canonical\" href=\"https:\/\/empowermigrantwomen.eu\/the-idea-behind-empowerher-unlocking-europes-potential-through-inclusive-integration\" \/>\n<meta property=\"og:locale\" content=\"de_DE\" \/>\n<meta property=\"og:type\" content=\"article\" \/>\n<meta property=\"og:title\" content=\"Die Idee hinter EmpowerHer: Europa st\u00e4rker machen durch Integration - EmpowerHer\" \/>\n<meta property=\"og:description\" content=\"Von Katrin Echtermeyer | Wisamar, Deutschland n einer Zeit gro\u00dfer gesellschaftlicher Ver\u00e4nderungen wird der Ruf nach inklusiven und starken Gemeinschaften immer lauter. In ganz Europa sind Migrantinnen nach wie vor eine der am st\u00e4rksten unterrepr\u00e4sentierten, gleichzeitig aber vielversprechendsten Gruppen auf dem Arbeitsmarkt. EmpowerHer will das \u00e4ndern: durch gezieltes Kompetenztraining, aber vor allem durch neue Wege, [&hellip;]\" \/>\n<meta property=\"og:url\" content=\"https:\/\/empowermigrantwomen.eu\/the-idea-behind-empowerher-unlocking-europes-potential-through-inclusive-integration\" \/>\n<meta property=\"og:site_name\" content=\"EmpowerHer\" \/>\n<meta property=\"article:published_time\" content=\"2025-06-03T06:50:53+00:00\" \/>\n<meta property=\"article:modified_time\" content=\"2025-10-27T11:12:14+00:00\" \/>\n<meta property=\"og:image\" content=\"https:\/\/empowermigrantwomen.eu\/wp-content\/uploads\/2025\/06\/The-idea-behind-EmpowerHer-01.jpg\" \/>\n\t<meta property=\"og:image:width\" content=\"1299\" \/>\n\t<meta property=\"og:image:height\" content=\"978\" \/>\n\t<meta property=\"og:image:type\" content=\"image\/jpeg\" \/>\n<meta name=\"author\" content=\"empowerher\" \/>\n<meta name=\"twitter:card\" content=\"summary_large_image\" \/>\n<meta name=\"twitter:label1\" content=\"Verfasst von\" \/>\n\t<meta name=\"twitter:data1\" content=\"empowerher\" \/>\n\t<meta name=\"twitter:label2\" content=\"Gesch\u00e4tzte Lesezeit\" \/>\n\t<meta name=\"twitter:data2\" content=\"4\u00a0Minuten\" \/>\n<script type=\"application\/ld+json\" class=\"yoast-schema-graph\">{\"@context\":\"https:\\\/\\\/schema.org\",\"@graph\":[{\"@type\":\"Article\",\"@id\":\"https:\\\/\\\/empowermigrantwomen.eu\\\/the-idea-behind-empowerher-unlocking-europes-potential-through-inclusive-integration#article\",\"isPartOf\":{\"@id\":\"https:\\\/\\\/empowermigrantwomen.eu\\\/the-idea-behind-empowerher-unlocking-europes-potential-through-inclusive-integration\"},\"author\":{\"name\":\"empowerher\",\"@id\":\"https:\\\/\\\/empowermigrantwomen.eu\\\/fr\\\/#\\\/schema\\\/person\\\/7f16ce8b22340d8edcafcc9795e6bc29\"},\"headline\":\"Die Idee hinter EmpowerHer: Europa st\u00e4rker machen durch Integration\",\"datePublished\":\"2025-06-03T06:50:53+00:00\",\"dateModified\":\"2025-10-27T11:12:14+00:00\",\"mainEntityOfPage\":{\"@id\":\"https:\\\/\\\/empowermigrantwomen.eu\\\/the-idea-behind-empowerher-unlocking-europes-potential-through-inclusive-integration\"},\"wordCount\":787,\"commentCount\":0,\"publisher\":{\"@id\":\"https:\\\/\\\/empowermigrantwomen.eu\\\/fr\\\/#organization\"},\"image\":{\"@id\":\"https:\\\/\\\/empowermigrantwomen.eu\\\/the-idea-behind-empowerher-unlocking-europes-potential-through-inclusive-integration#primaryimage\"},\"thumbnailUrl\":\"https:\\\/\\\/empowermigrantwomen.eu\\\/wp-content\\\/uploads\\\/2025\\\/06\\\/The-idea-behind-EmpowerHer-01.jpg\",\"articleSection\":[\"Article\"],\"inLanguage\":\"de\",\"potentialAction\":[{\"@type\":\"CommentAction\",\"name\":\"Comment\",\"target\":[\"https:\\\/\\\/empowermigrantwomen.eu\\\/the-idea-behind-empowerher-unlocking-europes-potential-through-inclusive-integration#respond\"]}]},{\"@type\":\"WebPage\",\"@id\":\"https:\\\/\\\/empowermigrantwomen.eu\\\/the-idea-behind-empowerher-unlocking-europes-potential-through-inclusive-integration\",\"url\":\"https:\\\/\\\/empowermigrantwomen.eu\\\/the-idea-behind-empowerher-unlocking-europes-potential-through-inclusive-integration\",\"name\":\"Die Idee hinter EmpowerHer: Europa st\u00e4rker machen durch Integration - EmpowerHer\",\"isPartOf\":{\"@id\":\"https:\\\/\\\/empowermigrantwomen.eu\\\/fr\\\/#website\"},\"primaryImageOfPage\":{\"@id\":\"https:\\\/\\\/empowermigrantwomen.eu\\\/the-idea-behind-empowerher-unlocking-europes-potential-through-inclusive-integration#primaryimage\"},\"image\":{\"@id\":\"https:\\\/\\\/empowermigrantwomen.eu\\\/the-idea-behind-empowerher-unlocking-europes-potential-through-inclusive-integration#primaryimage\"},\"thumbnailUrl\":\"https:\\\/\\\/empowermigrantwomen.eu\\\/wp-content\\\/uploads\\\/2025\\\/06\\\/The-idea-behind-EmpowerHer-01.jpg\",\"datePublished\":\"2025-06-03T06:50:53+00:00\",\"dateModified\":\"2025-10-27T11:12:14+00:00\",\"breadcrumb\":{\"@id\":\"https:\\\/\\\/empowermigrantwomen.eu\\\/the-idea-behind-empowerher-unlocking-europes-potential-through-inclusive-integration#breadcrumb\"},\"inLanguage\":\"de\",\"potentialAction\":[{\"@type\":\"ReadAction\",\"target\":[\"https:\\\/\\\/empowermigrantwomen.eu\\\/the-idea-behind-empowerher-unlocking-europes-potential-through-inclusive-integration\"]}]},{\"@type\":\"ImageObject\",\"inLanguage\":\"de\",\"@id\":\"https:\\\/\\\/empowermigrantwomen.eu\\\/the-idea-behind-empowerher-unlocking-europes-potential-through-inclusive-integration#primaryimage\",\"url\":\"https:\\\/\\\/empowermigrantwomen.eu\\\/wp-content\\\/uploads\\\/2025\\\/06\\\/The-idea-behind-EmpowerHer-01.jpg\",\"contentUrl\":\"https:\\\/\\\/empowermigrantwomen.eu\\\/wp-content\\\/uploads\\\/2025\\\/06\\\/The-idea-behind-EmpowerHer-01.jpg\",\"width\":1299,\"height\":978},{\"@type\":\"BreadcrumbList\",\"@id\":\"https:\\\/\\\/empowermigrantwomen.eu\\\/the-idea-behind-empowerher-unlocking-europes-potential-through-inclusive-integration#breadcrumb\",\"itemListElement\":[{\"@type\":\"ListItem\",\"position\":1,\"name\":\"Home\",\"item\":\"https:\\\/\\\/empowermigrantwomen.eu\\\/de\"},{\"@type\":\"ListItem\",\"position\":2,\"name\":\"Die Idee hinter EmpowerHer: Europa st\u00e4rker machen durch Integration\"}]},{\"@type\":\"WebSite\",\"@id\":\"https:\\\/\\\/empowermigrantwomen.eu\\\/fr\\\/#website\",\"url\":\"https:\\\/\\\/empowermigrantwomen.eu\\\/fr\\\/\",\"name\":\"EmpowerHer\",\"description\":\"\",\"publisher\":{\"@id\":\"https:\\\/\\\/empowermigrantwomen.eu\\\/fr\\\/#organization\"},\"potentialAction\":[{\"@type\":\"SearchAction\",\"target\":{\"@type\":\"EntryPoint\",\"urlTemplate\":\"https:\\\/\\\/empowermigrantwomen.eu\\\/fr\\\/?s={search_term_string}\"},\"query-input\":{\"@type\":\"PropertyValueSpecification\",\"valueRequired\":true,\"valueName\":\"search_term_string\"}}],\"inLanguage\":\"de\"},{\"@type\":\"Organization\",\"@id\":\"https:\\\/\\\/empowermigrantwomen.eu\\\/fr\\\/#organization\",\"name\":\"EmpowerHer\",\"url\":\"https:\\\/\\\/empowermigrantwomen.eu\\\/fr\\\/\",\"logo\":{\"@type\":\"ImageObject\",\"inLanguage\":\"de\",\"@id\":\"https:\\\/\\\/empowermigrantwomen.eu\\\/fr\\\/#\\\/schema\\\/logo\\\/image\\\/\",\"url\":\"https:\\\/\\\/empowermigrantwomen.eu\\\/wp-content\\\/uploads\\\/2025\\\/04\\\/EmpowerHer-horizontal-logo.png\",\"contentUrl\":\"https:\\\/\\\/empowermigrantwomen.eu\\\/wp-content\\\/uploads\\\/2025\\\/04\\\/EmpowerHer-horizontal-logo.png\",\"width\":4096,\"height\":1543,\"caption\":\"EmpowerHer\"},\"image\":{\"@id\":\"https:\\\/\\\/empowermigrantwomen.eu\\\/fr\\\/#\\\/schema\\\/logo\\\/image\\\/\"}},{\"@type\":\"Person\",\"@id\":\"https:\\\/\\\/empowermigrantwomen.eu\\\/fr\\\/#\\\/schema\\\/person\\\/7f16ce8b22340d8edcafcc9795e6bc29\",\"name\":\"empowerher\",\"image\":{\"@type\":\"ImageObject\",\"inLanguage\":\"de\",\"@id\":\"https:\\\/\\\/secure.gravatar.com\\\/avatar\\\/d72d70e7a7995c01f626e4d1c4ed97de16eb87b8f1cc8814a5c830fd3734c74f?s=96&d=mm&r=g\",\"url\":\"https:\\\/\\\/secure.gravatar.com\\\/avatar\\\/d72d70e7a7995c01f626e4d1c4ed97de16eb87b8f1cc8814a5c830fd3734c74f?s=96&d=mm&r=g\",\"contentUrl\":\"https:\\\/\\\/secure.gravatar.com\\\/avatar\\\/d72d70e7a7995c01f626e4d1c4ed97de16eb87b8f1cc8814a5c830fd3734c74f?s=96&d=mm&r=g\",\"caption\":\"empowerher\"},\"sameAs\":[\"https:\\\/\\\/empowermigrantwoman.eu\"],\"url\":\"https:\\\/\\\/empowermigrantwomen.eu\\\/de\\\/author\\\/empowerher\"}]}<\/script>\n<!-- \/ Yoast SEO plugin. -->","yoast_head_json":{"title":"Die Idee hinter EmpowerHer: Europa st\u00e4rker machen durch Integration - EmpowerHer","robots":{"index":"index","follow":"follow","max-snippet":"max-snippet:-1","max-image-preview":"max-image-preview:large","max-video-preview":"max-video-preview:-1"},"canonical":"https:\/\/empowermigrantwomen.eu\/the-idea-behind-empowerher-unlocking-europes-potential-through-inclusive-integration","og_locale":"de_DE","og_type":"article","og_title":"Die Idee hinter EmpowerHer: Europa st\u00e4rker machen durch Integration - EmpowerHer","og_description":"Von Katrin Echtermeyer | Wisamar, Deutschland n einer Zeit gro\u00dfer gesellschaftlicher Ver\u00e4nderungen wird der Ruf nach inklusiven und starken Gemeinschaften immer lauter. In ganz Europa sind Migrantinnen nach wie vor eine der am st\u00e4rksten unterrepr\u00e4sentierten, gleichzeitig aber vielversprechendsten Gruppen auf dem Arbeitsmarkt. EmpowerHer will das \u00e4ndern: durch gezieltes Kompetenztraining, aber vor allem durch neue Wege, [&hellip;]","og_url":"https:\/\/empowermigrantwomen.eu\/the-idea-behind-empowerher-unlocking-europes-potential-through-inclusive-integration","og_site_name":"EmpowerHer","article_published_time":"2025-06-03T06:50:53+00:00","article_modified_time":"2025-10-27T11:12:14+00:00","og_image":[{"width":1299,"height":978,"url":"https:\/\/empowermigrantwomen.eu\/wp-content\/uploads\/2025\/06\/The-idea-behind-EmpowerHer-01.jpg","type":"image\/jpeg"}],"author":"empowerher","twitter_card":"summary_large_image","twitter_misc":{"Verfasst von":"empowerher","Gesch\u00e4tzte Lesezeit":"4\u00a0Minuten"},"schema":{"@context":"https:\/\/schema.org","@graph":[{"@type":"Article","@id":"https:\/\/empowermigrantwomen.eu\/the-idea-behind-empowerher-unlocking-europes-potential-through-inclusive-integration#article","isPartOf":{"@id":"https:\/\/empowermigrantwomen.eu\/the-idea-behind-empowerher-unlocking-europes-potential-through-inclusive-integration"},"author":{"name":"empowerher","@id":"https:\/\/empowermigrantwomen.eu\/fr\/#\/schema\/person\/7f16ce8b22340d8edcafcc9795e6bc29"},"headline":"Die Idee hinter EmpowerHer: Europa st\u00e4rker machen durch Integration","datePublished":"2025-06-03T06:50:53+00:00","dateModified":"2025-10-27T11:12:14+00:00","mainEntityOfPage":{"@id":"https:\/\/empowermigrantwomen.eu\/the-idea-behind-empowerher-unlocking-europes-potential-through-inclusive-integration"},"wordCount":787,"commentCount":0,"publisher":{"@id":"https:\/\/empowermigrantwomen.eu\/fr\/#organization"},"image":{"@id":"https:\/\/empowermigrantwomen.eu\/the-idea-behind-empowerher-unlocking-europes-potential-through-inclusive-integration#primaryimage"},"thumbnailUrl":"https:\/\/empowermigrantwomen.eu\/wp-content\/uploads\/2025\/06\/The-idea-behind-EmpowerHer-01.jpg","articleSection":["Article"],"inLanguage":"de","potentialAction":[{"@type":"CommentAction","name":"Comment","target":["https:\/\/empowermigrantwomen.eu\/the-idea-behind-empowerher-unlocking-europes-potential-through-inclusive-integration#respond"]}]},{"@type":"WebPage","@id":"https:\/\/empowermigrantwomen.eu\/the-idea-behind-empowerher-unlocking-europes-potential-through-inclusive-integration","url":"https:\/\/empowermigrantwomen.eu\/the-idea-behind-empowerher-unlocking-europes-potential-through-inclusive-integration","name":"Die Idee hinter EmpowerHer: Europa st\u00e4rker machen durch Integration - EmpowerHer","isPartOf":{"@id":"https:\/\/empowermigrantwomen.eu\/fr\/#website"},"primaryImageOfPage":{"@id":"https:\/\/empowermigrantwomen.eu\/the-idea-behind-empowerher-unlocking-europes-potential-through-inclusive-integration#primaryimage"},"image":{"@id":"https:\/\/empowermigrantwomen.eu\/the-idea-behind-empowerher-unlocking-europes-potential-through-inclusive-integration#primaryimage"},"thumbnailUrl":"https:\/\/empowermigrantwomen.eu\/wp-content\/uploads\/2025\/06\/The-idea-behind-EmpowerHer-01.jpg","datePublished":"2025-06-03T06:50:53+00:00","dateModified":"2025-10-27T11:12:14+00:00","breadcrumb":{"@id":"https:\/\/empowermigrantwomen.eu\/the-idea-behind-empowerher-unlocking-europes-potential-through-inclusive-integration#breadcrumb"},"inLanguage":"de","potentialAction":[{"@type":"ReadAction","target":["https:\/\/empowermigrantwomen.eu\/the-idea-behind-empowerher-unlocking-europes-potential-through-inclusive-integration"]}]},{"@type":"ImageObject","inLanguage":"de","@id":"https:\/\/empowermigrantwomen.eu\/the-idea-behind-empowerher-unlocking-europes-potential-through-inclusive-integration#primaryimage","url":"https:\/\/empowermigrantwomen.eu\/wp-content\/uploads\/2025\/06\/The-idea-behind-EmpowerHer-01.jpg","contentUrl":"https:\/\/empowermigrantwomen.eu\/wp-content\/uploads\/2025\/06\/The-idea-behind-EmpowerHer-01.jpg","width":1299,"height":978},{"@type":"BreadcrumbList","@id":"https:\/\/empowermigrantwomen.eu\/the-idea-behind-empowerher-unlocking-europes-potential-through-inclusive-integration#breadcrumb","itemListElement":[{"@type":"ListItem","position":1,"name":"Home","item":"https:\/\/empowermigrantwomen.eu\/de"},{"@type":"ListItem","position":2,"name":"Die Idee hinter EmpowerHer: Europa st\u00e4rker machen durch Integration"}]},{"@type":"WebSite","@id":"https:\/\/empowermigrantwomen.eu\/fr\/#website","url":"https:\/\/empowermigrantwomen.eu\/fr\/","name":"EmpowerHer","description":"","publisher":{"@id":"https:\/\/empowermigrantwomen.eu\/fr\/#organization"},"potentialAction":[{"@type":"SearchAction","target":{"@type":"EntryPoint","urlTemplate":"https:\/\/empowermigrantwomen.eu\/fr\/?s={search_term_string}"},"query-input":{"@type":"PropertyValueSpecification","valueRequired":true,"valueName":"search_term_string"}}],"inLanguage":"de"},{"@type":"Organization","@id":"https:\/\/empowermigrantwomen.eu\/fr\/#organization","name":"EmpowerHer","url":"https:\/\/empowermigrantwomen.eu\/fr\/","logo":{"@type":"ImageObject","inLanguage":"de","@id":"https:\/\/empowermigrantwomen.eu\/fr\/#\/schema\/logo\/image\/","url":"https:\/\/empowermigrantwomen.eu\/wp-content\/uploads\/2025\/04\/EmpowerHer-horizontal-logo.png","contentUrl":"https:\/\/empowermigrantwomen.eu\/wp-content\/uploads\/2025\/04\/EmpowerHer-horizontal-logo.png","width":4096,"height":1543,"caption":"EmpowerHer"},"image":{"@id":"https:\/\/empowermigrantwomen.eu\/fr\/#\/schema\/logo\/image\/"}},{"@type":"Person","@id":"https:\/\/empowermigrantwomen.eu\/fr\/#\/schema\/person\/7f16ce8b22340d8edcafcc9795e6bc29","name":"empowerher","image":{"@type":"ImageObject","inLanguage":"de","@id":"https:\/\/secure.gravatar.com\/avatar\/d72d70e7a7995c01f626e4d1c4ed97de16eb87b8f1cc8814a5c830fd3734c74f?s=96&d=mm&r=g","url":"https:\/\/secure.gravatar.com\/avatar\/d72d70e7a7995c01f626e4d1c4ed97de16eb87b8f1cc8814a5c830fd3734c74f?s=96&d=mm&r=g","contentUrl":"https:\/\/secure.gravatar.com\/avatar\/d72d70e7a7995c01f626e4d1c4ed97de16eb87b8f1cc8814a5c830fd3734c74f?s=96&d=mm&r=g","caption":"empowerher"},"sameAs":["https:\/\/empowermigrantwoman.eu"],"url":"https:\/\/empowermigrantwomen.eu\/de\/author\/empowerher"}]}},"_links":{"self":[{"href":"https:\/\/empowermigrantwomen.eu\/de\/wp-json\/wp\/v2\/posts\/1078","targetHints":{"allow":["GET"]}}],"collection":[{"href":"https:\/\/empowermigrantwomen.eu\/de\/wp-json\/wp\/v2\/posts"}],"about":[{"href":"https:\/\/empowermigrantwomen.eu\/de\/wp-json\/wp\/v2\/types\/post"}],"author":[{"embeddable":true,"href":"https:\/\/empowermigrantwomen.eu\/de\/wp-json\/wp\/v2\/users\/1"}],"replies":[{"embeddable":true,"href":"https:\/\/empowermigrantwomen.eu\/de\/wp-json\/wp\/v2\/comments?post=1078"}],"version-history":[{"count":1,"href":"https:\/\/empowermigrantwomen.eu\/de\/wp-json\/wp\/v2\/posts\/1078\/revisions"}],"predecessor-version":[{"id":1079,"href":"https:\/\/empowermigrantwomen.eu\/de\/wp-json\/wp\/v2\/posts\/1078\/revisions\/1079"}],"wp:featuredmedia":[{"embeddable":true,"href":"https:\/\/empowermigrantwomen.eu\/de\/wp-json\/wp\/v2\/media\/798"}],"wp:attachment":[{"href":"https:\/\/empowermigrantwomen.eu\/de\/wp-json\/wp\/v2\/media?parent=1078"}],"wp:term":[{"taxonomy":"category","embeddable":true,"href":"https:\/\/empowermigrantwomen.eu\/de\/wp-json\/wp\/v2\/categories?post=1078"},{"taxonomy":"post_tag","embeddable":true,"href":"https:\/\/empowermigrantwomen.eu\/de\/wp-json\/wp\/v2\/tags?post=1078"}],"curies":[{"name":"wp","href":"https:\/\/api.w.org\/{rel}","templated":true}]}}