{"id":1220,"date":"2025-11-06T10:37:35","date_gmt":"2025-11-06T10:37:35","guid":{"rendered":"https:\/\/empowermigrantwomen.eu\/2-projekttreffen-des-empowerher-teams-in-granada-austausch-und-planung-der-naechsten-schritte"},"modified":"2026-01-07T11:33:57","modified_gmt":"2026-01-07T11:33:57","slug":"2-projekttreffen-des-empowerher-teams-in-granada-austausch-und-planung-der-naechsten-schritte","status":"publish","type":"post","link":"https:\/\/empowermigrantwomen.eu\/de\/2-projekttreffen-des-empowerher-teams-in-granada-austausch-und-planung-der-naechsten-schritte","title":{"rendered":"2. Projekttreffen des EmpowerHer-Teams in Granada: Austausch und Planung der n\u00e4chsten Schritte"},"content":{"rendered":"\n<p><strong>Von Aida Y\u00e1\u00f1ez-Sede\u00f1o Sabariegos | OnProjects, Spain<\/strong><\/p>\n\n<p>Das EmpowerHer-Konsortium traf sich am 4. und 5. November 2025 zum zweiten transnationalen Projekttreffen in Granada, Spanien. Zwei Tage lang arbeiteten die Partnerinnen intensiv an den Meilensteinen der Arbeitspakete, aktualisierten die Projekt-Roadmap und st\u00e4rkten die Zusammenarbeit \u2013 mit ein wenig Zeit, die Stadt zu entdecken und die spanische Sonne zu genie\u00dfen. <\/p>\n\n<h2 class=\"wp-block-heading\">1. Tag \u2013 Dienstag, 4. November 2025<\/h2>\n\n<p>Nach einer herzlichen Begr\u00fc\u00dfung und einem \u201eSetting the Stage\u201c-Check-in, moderiert von Wisamar, tauchte das Team direkt in die <strong>Entwicklung der Onboarding Toolbox<\/strong> ein. Antonia von Comcy leitete die erste Session, in der spannende Erkenntnisse aus Fokusgruppen und Interviews mit Stakeholderinnen in allen Partnerl\u00e4nder ngeteilt wurden. Diese Ergebnisse flie\u00dfen nicht nur in einen europ\u00e4ischen Abschlussbericht ein, sondern bilden auch die Grundlage f\u00fcr die Toolbox. Nach dem Mittagessen brachte ein kurzer Energizer von Mona (DIE) neue Energie in die Runde. Danach ging es weiter mit der <strong>Umsetzung des Trainingsprogramms:<\/strong> Soha von Pistes Solidaires f\u00fchrte die Session, in der zun\u00e4chst Updates zu geplanten lokalen Trainings geteilt und anschlie\u00dfend der bevorstehende Online-Workshop f\u00fcr die beteiligten Erwachsenenbildnerinnen am 25. November besprochen wurde. Der Tag endete mit einem kleinen, aber unterhaltsamen <strong>Wettbewerb mit der Web-App.<\/strong> Dabei konnten die Partnerinnen sowohl die Funktionalit\u00e4t testen als auch ihre Ideen einbringen \u2013 und nat\u00fcrlich gemeinsam Spa\u00df haben. Keine Sorge: Niemand wurde wegen der Punktzahl verurteilt ;).     <\/p>\n\n<h2 class=\"wp-block-heading\">2. Tag \u2013 Mittwoch, 5. November 2025<\/h2>\n\n<p>Der zweite Tag begann entspannt mit einer Yoga-Session unter der Leitung von Andreea. Eine perfekte Gelegenheit, um kurz bei sich selbst anzukommen und gleichzeitig die Verbundenheit in der Gruppe zu sp\u00fcren\u2013 ein sanfter, frischer Start in den zweiten Meeting-Tag. Im Anschluss pr\u00e4sentierten APIDI und OnProjects Updates und die n\u00e4chsten Schritte zu <strong>Kommunikations- und \u00d6ffentlichkeitsarbeit<\/strong>, vor allem im Hinblick auf die geplante Social-Media-Kampagne. Nach einer kurzen Kaffeepause ging Antonia von Comcy die anstehenden Evaluationsaktivit\u00e4ten zur <strong>Qualit\u00e4tssicherung<\/strong> im Projekt durch. Danach k\u00fcndigte Wisamar als Koordinator die anstehenden Berichte f\u00fcr das <strong>Projektmanagement<\/strong> an und gemeinsam wurden die n\u00e4chsten Treffen geplant. Abgeschlossen wurde das Treffen mit einer Q&amp;A-Runde und einem gemeinsamen Commitment des Konsortiums: weiterhin f\u00fcr eine bessere Zukunft von Migrantinnen zu arbeiten und EmpowerHer voranzubringen.   <\/p>\n\n<p>Nach zwei produktiven Tagen in Granada ging das Treffen zu Ende \u2013 mit klaren n\u00e4chsten Schritten, neuem Elan und gest\u00e4rktem Teamgeist. Besonders wertvoll war die gemeinsame Zeit, die Vertrauen und Zusammenarbeit st\u00e4rkte \u2013 zentrale Faktoren f\u00fcr erfolgreiche Teamarbeit. Ein gro\u00dfes Dankesch\u00f6n an alle Partnerinnen f\u00fcr ihre Energie, Expertise und den Teamspirit: Gemeinsam machen wir EmpowerHer zu einer starken Plattform, um die Chancen von Migrantinnen in ganz Europa zu verbessern.  <\/p>\n\n<figure class=\"wp-block-image size-large\"><img fetchpriority=\"high\" decoding=\"async\" width=\"1024\" height=\"576\" src=\"https:\/\/empowermigrantwomen.eu\/wp-content\/uploads\/2025\/11\/IMG_1554-1024x576.jpg\" alt=\"\" class=\"wp-image-1152\" srcset=\"https:\/\/empowermigrantwomen.eu\/wp-content\/uploads\/2025\/11\/IMG_1554-1024x576.jpg 1024w, https:\/\/empowermigrantwomen.eu\/wp-content\/uploads\/2025\/11\/IMG_1554-300x169.jpg 300w, https:\/\/empowermigrantwomen.eu\/wp-content\/uploads\/2025\/11\/IMG_1554-768x432.jpg 768w, https:\/\/empowermigrantwomen.eu\/wp-content\/uploads\/2025\/11\/IMG_1554-1536x864.jpg 1536w, https:\/\/empowermigrantwomen.eu\/wp-content\/uploads\/2025\/11\/IMG_1554-2048x1152.jpg 2048w\" sizes=\"(max-width: 1024px) 100vw, 1024px\" \/><figcaption class=\"wp-element-caption\">Familienfoto \u263a<\/figcaption><\/figure>\n","protected":false},"excerpt":{"rendered":"<p>Von Aida Y\u00e1\u00f1ez-Sede\u00f1o Sabariegos | OnProjects, Spain Das EmpowerHer-Konsortium traf sich am 4. und 5. November 2025 zum zweiten transnationalen Projekttreffen in Granada, Spanien. Zwei Tage lang arbeiteten die Partnerinnen intensiv an den Meilensteinen der Arbeitspakete, aktualisierten die Projekt-Roadmap und st\u00e4rkten die Zusammenarbeit \u2013 mit ein wenig Zeit, die Stadt zu entdecken und die spanische [&hellip;]<\/p>\n","protected":false},"author":1,"featured_media":1154,"comment_status":"open","ping_status":"open","sticky":false,"template":"","format":"standard","meta":{"_eb_attr":"","footnotes":""},"categories":[47],"tags":[],"class_list":["post-1220","post","type-post","status-publish","format-standard","has-post-thumbnail","hentry","category-neues"],"yoast_head":"<!-- This site is optimized with the Yoast SEO plugin v27.4 - https:\/\/yoast.com\/product\/yoast-seo-wordpress\/ -->\n<title>2. Projekttreffen des EmpowerHer-Teams in Granada: Austausch und Planung der n\u00e4chsten Schritte - EmpowerHer<\/title>\n<meta name=\"robots\" content=\"index, follow, max-snippet:-1, max-image-preview:large, max-video-preview:-1\" \/>\n<link rel=\"canonical\" href=\"https:\/\/empowermigrantwomen.eu\/de\/2-projekttreffen-des-empowerher-teams-in-granada-austausch-und-planung-der-naechsten-schritte\" \/>\n<meta property=\"og:locale\" content=\"de_DE\" \/>\n<meta property=\"og:type\" content=\"article\" \/>\n<meta property=\"og:title\" content=\"2. Projekttreffen des EmpowerHer-Teams in Granada: Austausch und Planung der n\u00e4chsten Schritte - EmpowerHer\" \/>\n<meta property=\"og:description\" content=\"Von Aida Y\u00e1\u00f1ez-Sede\u00f1o Sabariegos | OnProjects, Spain Das EmpowerHer-Konsortium traf sich am 4. und 5. November 2025 zum zweiten transnationalen Projekttreffen in Granada, Spanien. Zwei Tage lang arbeiteten die Partnerinnen intensiv an den Meilensteinen der Arbeitspakete, aktualisierten die Projekt-Roadmap und st\u00e4rkten die Zusammenarbeit \u2013 mit ein wenig Zeit, die Stadt zu entdecken und die spanische [&hellip;]\" \/>\n<meta property=\"og:url\" content=\"https:\/\/empowermigrantwomen.eu\/de\/2-projekttreffen-des-empowerher-teams-in-granada-austausch-und-planung-der-naechsten-schritte\" \/>\n<meta property=\"og:site_name\" content=\"EmpowerHer\" \/>\n<meta property=\"article:published_time\" content=\"2025-11-06T10:37:35+00:00\" \/>\n<meta property=\"article:modified_time\" content=\"2026-01-07T11:33:57+00:00\" \/>\n<meta property=\"og:image\" content=\"https:\/\/empowermigrantwomen.eu\/wp-content\/uploads\/2025\/11\/IMG_1554-scaled.jpg\" \/>\n\t<meta property=\"og:image:width\" content=\"2560\" \/>\n\t<meta property=\"og:image:height\" content=\"1440\" \/>\n\t<meta property=\"og:image:type\" content=\"image\/jpeg\" \/>\n<meta name=\"author\" content=\"empowerher\" \/>\n<meta name=\"twitter:card\" content=\"summary_large_image\" \/>\n<meta name=\"twitter:label1\" content=\"Verfasst von\" \/>\n\t<meta name=\"twitter:data1\" content=\"empowerher\" \/>\n\t<meta name=\"twitter:label2\" content=\"Gesch\u00e4tzte Lesezeit\" \/>\n\t<meta name=\"twitter:data2\" content=\"2\u00a0Minuten\" \/>\n<script type=\"application\/ld+json\" class=\"yoast-schema-graph\">{\"@context\":\"https:\\\/\\\/schema.org\",\"@graph\":[{\"@type\":\"Article\",\"@id\":\"https:\\\/\\\/empowermigrantwomen.eu\\\/de\\\/2-projekttreffen-des-empowerher-teams-in-granada-austausch-und-planung-der-naechsten-schritte#article\",\"isPartOf\":{\"@id\":\"https:\\\/\\\/empowermigrantwomen.eu\\\/de\\\/2-projekttreffen-des-empowerher-teams-in-granada-austausch-und-planung-der-naechsten-schritte\"},\"author\":{\"name\":\"empowerher\",\"@id\":\"https:\\\/\\\/empowermigrantwomen.eu\\\/fr\\\/#\\\/schema\\\/person\\\/7f16ce8b22340d8edcafcc9795e6bc29\"},\"headline\":\"2. Projekttreffen des EmpowerHer-Teams in Granada: Austausch und Planung der n\u00e4chsten Schritte\",\"datePublished\":\"2025-11-06T10:37:35+00:00\",\"dateModified\":\"2026-01-07T11:33:57+00:00\",\"mainEntityOfPage\":{\"@id\":\"https:\\\/\\\/empowermigrantwomen.eu\\\/de\\\/2-projekttreffen-des-empowerher-teams-in-granada-austausch-und-planung-der-naechsten-schritte\"},\"wordCount\":449,\"commentCount\":0,\"publisher\":{\"@id\":\"https:\\\/\\\/empowermigrantwomen.eu\\\/fr\\\/#organization\"},\"image\":{\"@id\":\"https:\\\/\\\/empowermigrantwomen.eu\\\/de\\\/2-projekttreffen-des-empowerher-teams-in-granada-austausch-und-planung-der-naechsten-schritte#primaryimage\"},\"thumbnailUrl\":\"https:\\\/\\\/empowermigrantwomen.eu\\\/wp-content\\\/uploads\\\/2025\\\/11\\\/IMG_1554-scaled.jpg\",\"articleSection\":[\"Neues\"],\"inLanguage\":\"de\",\"potentialAction\":[{\"@type\":\"CommentAction\",\"name\":\"Comment\",\"target\":[\"https:\\\/\\\/empowermigrantwomen.eu\\\/de\\\/2-projekttreffen-des-empowerher-teams-in-granada-austausch-und-planung-der-naechsten-schritte#respond\"]}]},{\"@type\":\"WebPage\",\"@id\":\"https:\\\/\\\/empowermigrantwomen.eu\\\/de\\\/2-projekttreffen-des-empowerher-teams-in-granada-austausch-und-planung-der-naechsten-schritte\",\"url\":\"https:\\\/\\\/empowermigrantwomen.eu\\\/de\\\/2-projekttreffen-des-empowerher-teams-in-granada-austausch-und-planung-der-naechsten-schritte\",\"name\":\"2. Projekttreffen des EmpowerHer-Teams in Granada: Austausch und Planung der n\u00e4chsten Schritte - EmpowerHer\",\"isPartOf\":{\"@id\":\"https:\\\/\\\/empowermigrantwomen.eu\\\/fr\\\/#website\"},\"primaryImageOfPage\":{\"@id\":\"https:\\\/\\\/empowermigrantwomen.eu\\\/de\\\/2-projekttreffen-des-empowerher-teams-in-granada-austausch-und-planung-der-naechsten-schritte#primaryimage\"},\"image\":{\"@id\":\"https:\\\/\\\/empowermigrantwomen.eu\\\/de\\\/2-projekttreffen-des-empowerher-teams-in-granada-austausch-und-planung-der-naechsten-schritte#primaryimage\"},\"thumbnailUrl\":\"https:\\\/\\\/empowermigrantwomen.eu\\\/wp-content\\\/uploads\\\/2025\\\/11\\\/IMG_1554-scaled.jpg\",\"datePublished\":\"2025-11-06T10:37:35+00:00\",\"dateModified\":\"2026-01-07T11:33:57+00:00\",\"breadcrumb\":{\"@id\":\"https:\\\/\\\/empowermigrantwomen.eu\\\/de\\\/2-projekttreffen-des-empowerher-teams-in-granada-austausch-und-planung-der-naechsten-schritte#breadcrumb\"},\"inLanguage\":\"de\",\"potentialAction\":[{\"@type\":\"ReadAction\",\"target\":[\"https:\\\/\\\/empowermigrantwomen.eu\\\/de\\\/2-projekttreffen-des-empowerher-teams-in-granada-austausch-und-planung-der-naechsten-schritte\"]}]},{\"@type\":\"ImageObject\",\"inLanguage\":\"de\",\"@id\":\"https:\\\/\\\/empowermigrantwomen.eu\\\/de\\\/2-projekttreffen-des-empowerher-teams-in-granada-austausch-und-planung-der-naechsten-schritte#primaryimage\",\"url\":\"https:\\\/\\\/empowermigrantwomen.eu\\\/wp-content\\\/uploads\\\/2025\\\/11\\\/IMG_1554-scaled.jpg\",\"contentUrl\":\"https:\\\/\\\/empowermigrantwomen.eu\\\/wp-content\\\/uploads\\\/2025\\\/11\\\/IMG_1554-scaled.jpg\",\"width\":2560,\"height\":1440},{\"@type\":\"BreadcrumbList\",\"@id\":\"https:\\\/\\\/empowermigrantwomen.eu\\\/de\\\/2-projekttreffen-des-empowerher-teams-in-granada-austausch-und-planung-der-naechsten-schritte#breadcrumb\",\"itemListElement\":[{\"@type\":\"ListItem\",\"position\":1,\"name\":\"Home\",\"item\":\"https:\\\/\\\/empowermigrantwomen.eu\\\/de\"},{\"@type\":\"ListItem\",\"position\":2,\"name\":\"2. Projekttreffen des EmpowerHer-Teams in Granada: Austausch und Planung der n\u00e4chsten Schritte\"}]},{\"@type\":\"WebSite\",\"@id\":\"https:\\\/\\\/empowermigrantwomen.eu\\\/fr\\\/#website\",\"url\":\"https:\\\/\\\/empowermigrantwomen.eu\\\/fr\\\/\",\"name\":\"EmpowerHer\",\"description\":\"\",\"publisher\":{\"@id\":\"https:\\\/\\\/empowermigrantwomen.eu\\\/fr\\\/#organization\"},\"potentialAction\":[{\"@type\":\"SearchAction\",\"target\":{\"@type\":\"EntryPoint\",\"urlTemplate\":\"https:\\\/\\\/empowermigrantwomen.eu\\\/fr\\\/?s={search_term_string}\"},\"query-input\":{\"@type\":\"PropertyValueSpecification\",\"valueRequired\":true,\"valueName\":\"search_term_string\"}}],\"inLanguage\":\"de\"},{\"@type\":\"Organization\",\"@id\":\"https:\\\/\\\/empowermigrantwomen.eu\\\/fr\\\/#organization\",\"name\":\"EmpowerHer\",\"url\":\"https:\\\/\\\/empowermigrantwomen.eu\\\/fr\\\/\",\"logo\":{\"@type\":\"ImageObject\",\"inLanguage\":\"de\",\"@id\":\"https:\\\/\\\/empowermigrantwomen.eu\\\/fr\\\/#\\\/schema\\\/logo\\\/image\\\/\",\"url\":\"https:\\\/\\\/empowermigrantwomen.eu\\\/wp-content\\\/uploads\\\/2025\\\/04\\\/EmpowerHer-horizontal-logo.png\",\"contentUrl\":\"https:\\\/\\\/empowermigrantwomen.eu\\\/wp-content\\\/uploads\\\/2025\\\/04\\\/EmpowerHer-horizontal-logo.png\",\"width\":4096,\"height\":1543,\"caption\":\"EmpowerHer\"},\"image\":{\"@id\":\"https:\\\/\\\/empowermigrantwomen.eu\\\/fr\\\/#\\\/schema\\\/logo\\\/image\\\/\"}},{\"@type\":\"Person\",\"@id\":\"https:\\\/\\\/empowermigrantwomen.eu\\\/fr\\\/#\\\/schema\\\/person\\\/7f16ce8b22340d8edcafcc9795e6bc29\",\"name\":\"empowerher\",\"image\":{\"@type\":\"ImageObject\",\"inLanguage\":\"de\",\"@id\":\"https:\\\/\\\/secure.gravatar.com\\\/avatar\\\/d72d70e7a7995c01f626e4d1c4ed97de16eb87b8f1cc8814a5c830fd3734c74f?s=96&d=mm&r=g\",\"url\":\"https:\\\/\\\/secure.gravatar.com\\\/avatar\\\/d72d70e7a7995c01f626e4d1c4ed97de16eb87b8f1cc8814a5c830fd3734c74f?s=96&d=mm&r=g\",\"contentUrl\":\"https:\\\/\\\/secure.gravatar.com\\\/avatar\\\/d72d70e7a7995c01f626e4d1c4ed97de16eb87b8f1cc8814a5c830fd3734c74f?s=96&d=mm&r=g\",\"caption\":\"empowerher\"},\"sameAs\":[\"https:\\\/\\\/empowermigrantwoman.eu\"],\"url\":\"https:\\\/\\\/empowermigrantwomen.eu\\\/de\\\/author\\\/empowerher\"}]}<\/script>\n<!-- \/ Yoast SEO plugin. -->","yoast_head_json":{"title":"2. Projekttreffen des EmpowerHer-Teams in Granada: Austausch und Planung der n\u00e4chsten Schritte - EmpowerHer","robots":{"index":"index","follow":"follow","max-snippet":"max-snippet:-1","max-image-preview":"max-image-preview:large","max-video-preview":"max-video-preview:-1"},"canonical":"https:\/\/empowermigrantwomen.eu\/de\/2-projekttreffen-des-empowerher-teams-in-granada-austausch-und-planung-der-naechsten-schritte","og_locale":"de_DE","og_type":"article","og_title":"2. Projekttreffen des EmpowerHer-Teams in Granada: Austausch und Planung der n\u00e4chsten Schritte - EmpowerHer","og_description":"Von Aida Y\u00e1\u00f1ez-Sede\u00f1o Sabariegos | OnProjects, Spain Das EmpowerHer-Konsortium traf sich am 4. und 5. November 2025 zum zweiten transnationalen Projekttreffen in Granada, Spanien. Zwei Tage lang arbeiteten die Partnerinnen intensiv an den Meilensteinen der Arbeitspakete, aktualisierten die Projekt-Roadmap und st\u00e4rkten die Zusammenarbeit \u2013 mit ein wenig Zeit, die Stadt zu entdecken und die spanische [&hellip;]","og_url":"https:\/\/empowermigrantwomen.eu\/de\/2-projekttreffen-des-empowerher-teams-in-granada-austausch-und-planung-der-naechsten-schritte","og_site_name":"EmpowerHer","article_published_time":"2025-11-06T10:37:35+00:00","article_modified_time":"2026-01-07T11:33:57+00:00","og_image":[{"width":2560,"height":1440,"url":"https:\/\/empowermigrantwomen.eu\/wp-content\/uploads\/2025\/11\/IMG_1554-scaled.jpg","type":"image\/jpeg"}],"author":"empowerher","twitter_card":"summary_large_image","twitter_misc":{"Verfasst von":"empowerher","Gesch\u00e4tzte Lesezeit":"2\u00a0Minuten"},"schema":{"@context":"https:\/\/schema.org","@graph":[{"@type":"Article","@id":"https:\/\/empowermigrantwomen.eu\/de\/2-projekttreffen-des-empowerher-teams-in-granada-austausch-und-planung-der-naechsten-schritte#article","isPartOf":{"@id":"https:\/\/empowermigrantwomen.eu\/de\/2-projekttreffen-des-empowerher-teams-in-granada-austausch-und-planung-der-naechsten-schritte"},"author":{"name":"empowerher","@id":"https:\/\/empowermigrantwomen.eu\/fr\/#\/schema\/person\/7f16ce8b22340d8edcafcc9795e6bc29"},"headline":"2. Projekttreffen des EmpowerHer-Teams in Granada: Austausch und Planung der n\u00e4chsten Schritte","datePublished":"2025-11-06T10:37:35+00:00","dateModified":"2026-01-07T11:33:57+00:00","mainEntityOfPage":{"@id":"https:\/\/empowermigrantwomen.eu\/de\/2-projekttreffen-des-empowerher-teams-in-granada-austausch-und-planung-der-naechsten-schritte"},"wordCount":449,"commentCount":0,"publisher":{"@id":"https:\/\/empowermigrantwomen.eu\/fr\/#organization"},"image":{"@id":"https:\/\/empowermigrantwomen.eu\/de\/2-projekttreffen-des-empowerher-teams-in-granada-austausch-und-planung-der-naechsten-schritte#primaryimage"},"thumbnailUrl":"https:\/\/empowermigrantwomen.eu\/wp-content\/uploads\/2025\/11\/IMG_1554-scaled.jpg","articleSection":["Neues"],"inLanguage":"de","potentialAction":[{"@type":"CommentAction","name":"Comment","target":["https:\/\/empowermigrantwomen.eu\/de\/2-projekttreffen-des-empowerher-teams-in-granada-austausch-und-planung-der-naechsten-schritte#respond"]}]},{"@type":"WebPage","@id":"https:\/\/empowermigrantwomen.eu\/de\/2-projekttreffen-des-empowerher-teams-in-granada-austausch-und-planung-der-naechsten-schritte","url":"https:\/\/empowermigrantwomen.eu\/de\/2-projekttreffen-des-empowerher-teams-in-granada-austausch-und-planung-der-naechsten-schritte","name":"2. Projekttreffen des EmpowerHer-Teams in Granada: Austausch und Planung der n\u00e4chsten Schritte - EmpowerHer","isPartOf":{"@id":"https:\/\/empowermigrantwomen.eu\/fr\/#website"},"primaryImageOfPage":{"@id":"https:\/\/empowermigrantwomen.eu\/de\/2-projekttreffen-des-empowerher-teams-in-granada-austausch-und-planung-der-naechsten-schritte#primaryimage"},"image":{"@id":"https:\/\/empowermigrantwomen.eu\/de\/2-projekttreffen-des-empowerher-teams-in-granada-austausch-und-planung-der-naechsten-schritte#primaryimage"},"thumbnailUrl":"https:\/\/empowermigrantwomen.eu\/wp-content\/uploads\/2025\/11\/IMG_1554-scaled.jpg","datePublished":"2025-11-06T10:37:35+00:00","dateModified":"2026-01-07T11:33:57+00:00","breadcrumb":{"@id":"https:\/\/empowermigrantwomen.eu\/de\/2-projekttreffen-des-empowerher-teams-in-granada-austausch-und-planung-der-naechsten-schritte#breadcrumb"},"inLanguage":"de","potentialAction":[{"@type":"ReadAction","target":["https:\/\/empowermigrantwomen.eu\/de\/2-projekttreffen-des-empowerher-teams-in-granada-austausch-und-planung-der-naechsten-schritte"]}]},{"@type":"ImageObject","inLanguage":"de","@id":"https:\/\/empowermigrantwomen.eu\/de\/2-projekttreffen-des-empowerher-teams-in-granada-austausch-und-planung-der-naechsten-schritte#primaryimage","url":"https:\/\/empowermigrantwomen.eu\/wp-content\/uploads\/2025\/11\/IMG_1554-scaled.jpg","contentUrl":"https:\/\/empowermigrantwomen.eu\/wp-content\/uploads\/2025\/11\/IMG_1554-scaled.jpg","width":2560,"height":1440},{"@type":"BreadcrumbList","@id":"https:\/\/empowermigrantwomen.eu\/de\/2-projekttreffen-des-empowerher-teams-in-granada-austausch-und-planung-der-naechsten-schritte#breadcrumb","itemListElement":[{"@type":"ListItem","position":1,"name":"Home","item":"https:\/\/empowermigrantwomen.eu\/de"},{"@type":"ListItem","position":2,"name":"2. Projekttreffen des EmpowerHer-Teams in Granada: Austausch und Planung der n\u00e4chsten Schritte"}]},{"@type":"WebSite","@id":"https:\/\/empowermigrantwomen.eu\/fr\/#website","url":"https:\/\/empowermigrantwomen.eu\/fr\/","name":"EmpowerHer","description":"","publisher":{"@id":"https:\/\/empowermigrantwomen.eu\/fr\/#organization"},"potentialAction":[{"@type":"SearchAction","target":{"@type":"EntryPoint","urlTemplate":"https:\/\/empowermigrantwomen.eu\/fr\/?s={search_term_string}"},"query-input":{"@type":"PropertyValueSpecification","valueRequired":true,"valueName":"search_term_string"}}],"inLanguage":"de"},{"@type":"Organization","@id":"https:\/\/empowermigrantwomen.eu\/fr\/#organization","name":"EmpowerHer","url":"https:\/\/empowermigrantwomen.eu\/fr\/","logo":{"@type":"ImageObject","inLanguage":"de","@id":"https:\/\/empowermigrantwomen.eu\/fr\/#\/schema\/logo\/image\/","url":"https:\/\/empowermigrantwomen.eu\/wp-content\/uploads\/2025\/04\/EmpowerHer-horizontal-logo.png","contentUrl":"https:\/\/empowermigrantwomen.eu\/wp-content\/uploads\/2025\/04\/EmpowerHer-horizontal-logo.png","width":4096,"height":1543,"caption":"EmpowerHer"},"image":{"@id":"https:\/\/empowermigrantwomen.eu\/fr\/#\/schema\/logo\/image\/"}},{"@type":"Person","@id":"https:\/\/empowermigrantwomen.eu\/fr\/#\/schema\/person\/7f16ce8b22340d8edcafcc9795e6bc29","name":"empowerher","image":{"@type":"ImageObject","inLanguage":"de","@id":"https:\/\/secure.gravatar.com\/avatar\/d72d70e7a7995c01f626e4d1c4ed97de16eb87b8f1cc8814a5c830fd3734c74f?s=96&d=mm&r=g","url":"https:\/\/secure.gravatar.com\/avatar\/d72d70e7a7995c01f626e4d1c4ed97de16eb87b8f1cc8814a5c830fd3734c74f?s=96&d=mm&r=g","contentUrl":"https:\/\/secure.gravatar.com\/avatar\/d72d70e7a7995c01f626e4d1c4ed97de16eb87b8f1cc8814a5c830fd3734c74f?s=96&d=mm&r=g","caption":"empowerher"},"sameAs":["https:\/\/empowermigrantwoman.eu"],"url":"https:\/\/empowermigrantwomen.eu\/de\/author\/empowerher"}]}},"_links":{"self":[{"href":"https:\/\/empowermigrantwomen.eu\/de\/wp-json\/wp\/v2\/posts\/1220","targetHints":{"allow":["GET"]}}],"collection":[{"href":"https:\/\/empowermigrantwomen.eu\/de\/wp-json\/wp\/v2\/posts"}],"about":[{"href":"https:\/\/empowermigrantwomen.eu\/de\/wp-json\/wp\/v2\/types\/post"}],"author":[{"embeddable":true,"href":"https:\/\/empowermigrantwomen.eu\/de\/wp-json\/wp\/v2\/users\/1"}],"replies":[{"embeddable":true,"href":"https:\/\/empowermigrantwomen.eu\/de\/wp-json\/wp\/v2\/comments?post=1220"}],"version-history":[{"count":1,"href":"https:\/\/empowermigrantwomen.eu\/de\/wp-json\/wp\/v2\/posts\/1220\/revisions"}],"predecessor-version":[{"id":1221,"href":"https:\/\/empowermigrantwomen.eu\/de\/wp-json\/wp\/v2\/posts\/1220\/revisions\/1221"}],"wp:featuredmedia":[{"embeddable":true,"href":"https:\/\/empowermigrantwomen.eu\/de\/wp-json\/wp\/v2\/media\/1154"}],"wp:attachment":[{"href":"https:\/\/empowermigrantwomen.eu\/de\/wp-json\/wp\/v2\/media?parent=1220"}],"wp:term":[{"taxonomy":"category","embeddable":true,"href":"https:\/\/empowermigrantwomen.eu\/de\/wp-json\/wp\/v2\/categories?post=1220"},{"taxonomy":"post_tag","embeddable":true,"href":"https:\/\/empowermigrantwomen.eu\/de\/wp-json\/wp\/v2\/tags?post=1220"}],"curies":[{"name":"wp","href":"https:\/\/api.w.org\/{rel}","templated":true}]}}