{"id":1074,"date":"2025-06-03T06:50:53","date_gmt":"2025-06-03T06:50:53","guid":{"rendered":"https:\/\/empowermigrantwomen.eu\/la-idea-detras-de-empowerher-liberar-el-potencial-de-europa-a-traves-de-la-integracion-inclusiva"},"modified":"2025-10-27T11:03:57","modified_gmt":"2025-10-27T11:03:57","slug":"la-idea-detras-de-empowerher-liberar-el-potencial-de-europa-a-traves-de-la-integracion-inclusiva","status":"publish","type":"post","link":"https:\/\/empowermigrantwomen.eu\/es\/la-idea-detras-de-empowerher-liberar-el-potencial-de-europa-a-traves-de-la-integracion-inclusiva","title":{"rendered":"La idea detr\u00e1s de EmpowerHer: liberar el potencial de Europa a trav\u00e9s de la integraci\u00f3n inclusiva."},"content":{"rendered":"\n<p><\/p>\n\n<p><strong>Por Katrin Echtermeyer | Wisamar, Alemania<\/strong><\/p>\n\n<p>En una \u00e9poca de r\u00e1pida transformaci\u00f3n social, la demanda de comunidades m\u00e1s inclusivas y resilientes nunca ha sido tan fuerte. En toda Europa, las mujeres migrantes siguen siendo uno de los grupos m\u00e1s infrarrepresentados, pero tambi\u00e9n m\u00e1s prometedores, en el mercado laboral. EmpowerHer se propone cambiar esta situaci\u00f3n, no solo mediante el desarrollo de habilidades espec\u00edficas, sino tambi\u00e9n creando un cambio estructural en la forma en que las sociedades y los mercados laborales abordan la integraci\u00f3n.  <\/p>\n\n<figure class=\"wp-block-image size-large\"><img fetchpriority=\"high\" decoding=\"async\" width=\"1024\" height=\"771\" src=\"https:\/\/empowermigrantwomen.eu\/wp-content\/uploads\/2025\/06\/The-idea-behind-EmpowerHer-01-1024x771.jpg\" alt=\"\" class=\"wp-image-601\" srcset=\"https:\/\/empowermigrantwomen.eu\/wp-content\/uploads\/2025\/06\/The-idea-behind-EmpowerHer-01-1024x771.jpg 1024w, https:\/\/empowermigrantwomen.eu\/wp-content\/uploads\/2025\/06\/The-idea-behind-EmpowerHer-01-300x226.jpg 300w, https:\/\/empowermigrantwomen.eu\/wp-content\/uploads\/2025\/06\/The-idea-behind-EmpowerHer-01-768x578.jpg 768w, https:\/\/empowermigrantwomen.eu\/wp-content\/uploads\/2025\/06\/The-idea-behind-EmpowerHer-01.jpg 1299w\" sizes=\"(max-width: 1024px) 100vw, 1024px\" \/><\/figure>\n\n<h2 class=\"wp-block-heading\">Un reto com\u00fan a nivel europeo<\/h2>\n\n<p>La integraci\u00f3n de las mujeres migrantes no es una cuesti\u00f3n nacional, sino una responsabilidad compartida por toda Europa. Si bien los datos espec\u00edficos de cada pa\u00eds \u2014como los 22,3 millones de residentes con antecedentes migratorios en Alemania\u2014 proporcionan un contexto, los retos subyacentes son comunes a todos los pa\u00edses: las mujeres cualificadas suelen quedar excluidas de empleos significativos debido a barreras sist\u00e9micas. <\/p>\n\n<p>Las barreras ling\u00fc\u00edsticas, los sistemas sociales desconocidos y la falta de apoyo espec\u00edfico llevan a muchas mujeres migrantes a desempe\u00f1ar trabajos precarios, a tiempo parcial o por debajo de su cualificaci\u00f3n. Al mismo tiempo, los mercados laborales europeos se enfrentan a una grave escasez de mano de obra cualificada: solo en Alemania hay m\u00e1s de medio mill\u00f3n de puestos vacantes. La desconexi\u00f3n es evidente: mientras que las mujeres cualificadas est\u00e1n siempre dispuestas a contribuir, las estructuras que apoyan su inclusi\u00f3n siguen estando fragmentadas.  <\/p>\n\n<h2 class=\"wp-block-heading\">Hacia un cambio sist\u00e9mico<\/h2>\n\n<p>Para abordar esta cuesti\u00f3n, EmpowerHer re\u00fane a seis organizaciones de cinco pa\u00edses europeos \u2014Alemania, Portugal, Francia, Chipre y Espa\u00f1a\u2014 en el equipo del proyecto. El objetivo es cerrar esta brecha desde m\u00faltiples \u00e1ngulos: mediante el desarrollo de habilidades, la ense\u00f1anza inclusiva, la divulgaci\u00f3n entre los empleadores y la sensibilizaci\u00f3n p\u00fablica. <\/p>\n\n<p>En lugar de esperar que las mujeres migrantes simplemente \u00abse pongan al d\u00eda\u00bb, el proyecto promover\u00e1 un modelo de adaptaci\u00f3n mutua: desarrollar las capacidades de los educadores de adultos y los lugares de trabajo, al tiempo que se apoya a las mujeres para que aumenten sus habilidades y su confianza. El objetivo no es solo preparar a las mujeres para el mercado laboral, sino tambi\u00e9n garantizar que el mercado laboral est\u00e9 preparado para acogerlas. <\/p>\n\n<h2 class=\"wp-block-heading\">Un equipo que refleja la diversidad<\/h2>\n\n<p>EmpowerHer no es solo un proyecto de impacto europeo, sino que est\u00e1 compuesto por un equipo que vive y respira la experiencia intercultural. Muchos de los profesionales que participan en \u00e9l han vivido, trabajado o estudiado en pa\u00edses distintos al suyo. Esta perspectiva internacional compartida influye en el enfoque del proyecto y fomenta un profundo compromiso con la empat\u00eda, la apertura cultural y la colaboraci\u00f3n transfronteriza.  <\/p>\n\n<p>Trabajar en equipos multiling\u00fces e interculturales es m\u00e1s que una realidad pr\u00e1ctica, es una fortaleza. Esto permite al proyecto desarrollar soluciones basadas en la sensibilidad cultural y adaptadas a diversas realidades. Esta diversidad interna refleja los valores que defiende EmpowerHer: respeto mutuo, adaptabilidad y crecimiento inclusivo.  <\/p>\n\n<figure class=\"wp-block-image size-large\"><img decoding=\"async\" width=\"1024\" height=\"768\" src=\"https:\/\/empowermigrantwomen.eu\/wp-content\/uploads\/2025\/06\/The-idea-behind-EmpowerHer-03-1024x768.jpg\" alt=\"\" class=\"wp-image-603\" srcset=\"https:\/\/empowermigrantwomen.eu\/wp-content\/uploads\/2025\/06\/The-idea-behind-EmpowerHer-03-1024x768.jpg 1024w, https:\/\/empowermigrantwomen.eu\/wp-content\/uploads\/2025\/06\/The-idea-behind-EmpowerHer-03-300x225.jpg 300w, https:\/\/empowermigrantwomen.eu\/wp-content\/uploads\/2025\/06\/The-idea-behind-EmpowerHer-03-768x576.jpg 768w, https:\/\/empowermigrantwomen.eu\/wp-content\/uploads\/2025\/06\/The-idea-behind-EmpowerHer-03.jpg 1299w\" sizes=\"(max-width: 1024px) 100vw, 1024px\" \/><\/figure>\n\n<h2 class=\"wp-block-heading\">Tres pilares de acci\u00f3n<\/h2>\n\n<h3 class=\"wp-block-heading\">1. Desarrollo de habilidades mediante un aprendizaje personalizado.<\/h3>\n\n<p>Cada mujer aporta un conjunto \u00fanico de experiencias, objetivos y fortalezas. EmpowerHer crear\u00e1 oportunidades de aprendizaje flexibles, accesibles y empoderadoras, tanto para las mujeres migrantes como para quienes las apoyan. <\/p>\n\n<p>Un elemento central ser\u00e1 un programa de formaci\u00f3n de seis m\u00f3dulos para educadores de adultos, dise\u00f1ado para reforzar su capacidad de ense\u00f1ar habilidades sociales de manera eficaz. La formaci\u00f3n incorporar\u00e1 m\u00e9todos centrados en las personas y orientados a la pr\u00e1ctica, adaptados a las necesidades de los alumnos migrantes. Educadores de los cinco pa\u00edses socios participar\u00e1n en un evento de formaci\u00f3n transnacional para poner a prueba el programa, y sus comentarios dar\u00e1n forma a la versi\u00f3n final del curso.  <\/p>\n\n<p>Las propias mujeres migrantes se beneficiar\u00e1n de dos herramientas clave: una versi\u00f3n revisada del ProfilPASS para ayudarles a identificar y articular su potencial (oculto), y una aplicaci\u00f3n web gamificada para apoyar el desarrollo de habilidades sociales de una manera interactiva y sin barreras. Estas herramientas empoderar\u00e1n a las mujeres para que se hagan responsables de su desarrollo personal y profesional. <\/p>\n\n<h3 class=\"wp-block-heading\">2. Fomentar la colaboraci\u00f3n entre sectores<\/h3>\n\n<p>La verdadera inclusi\u00f3n requiere cooperaci\u00f3n. Por eso EmpowerHer fomentar\u00e1 el di\u00e1logo entre las mujeres migrantes y las principales partes interesadas del mercado laboral. <\/p>\n\n<p>Un completo conjunto de herramientas de incorporaci\u00f3n ofrecer\u00e1 recursos y directrices a los empleadores para apoyar la contrataci\u00f3n inclusiva y la integraci\u00f3n en el lugar de trabajo. Para profundizar en este intercambio, el proyecto organizar\u00e1 20 eventos informativos en toda Europa, creando espacios en los que las mujeres migrantes puedan conocer a posibles empleadores, informarse sobre oportunidades de empleo y explorar trayectorias profesionales en persona. <\/p>\n\n<h3 class=\"wp-block-heading\">3. Promover la inclusi\u00f3n m\u00e1s all\u00e1 del empleo<\/h3>\n\n<p>La integraci\u00f3n va m\u00e1s all\u00e1 del empleo. Tambi\u00e9n se trata de visibilidad, reconocimiento y pertenencia. <\/p>\n\n<p>Una campa\u00f1a internacional de sensibilizaci\u00f3n dar\u00e1 a las mujeres migrantes la oportunidad de compartir sus historias, no solo sus \u00e9xitos, sino tambi\u00e9n sus dificultades cotidianas, sus obst\u00e1culos y sus esperanzas para el futuro. Estas perspectivas se plasmar\u00e1n en retratos en v\u00eddeo y otros formatos multimedia en todos los pa\u00edses socios, destacando la diversidad y la humanidad que hay detr\u00e1s de las estad\u00edsticas. <\/p>\n\n<p>La campa\u00f1a desafiar\u00e1 los estereotipos y cambiar\u00e1 la narrativa p\u00fablica mostrando a las mujeres migrantes como agentes de cambio, no solo como beneficiarias de ayudas.<\/p>\n\n<figure class=\"wp-block-image size-large\"><img decoding=\"async\" width=\"1024\" height=\"732\" src=\"https:\/\/empowermigrantwomen.eu\/wp-content\/uploads\/2025\/06\/The-idea-behind-EmpowerHer-02-1024x732.jpg\" alt=\"\" class=\"wp-image-602\" srcset=\"https:\/\/empowermigrantwomen.eu\/wp-content\/uploads\/2025\/06\/The-idea-behind-EmpowerHer-02-1024x732.jpg 1024w, https:\/\/empowermigrantwomen.eu\/wp-content\/uploads\/2025\/06\/The-idea-behind-EmpowerHer-02-300x214.jpg 300w, https:\/\/empowermigrantwomen.eu\/wp-content\/uploads\/2025\/06\/The-idea-behind-EmpowerHer-02-768x549.jpg 768w, https:\/\/empowermigrantwomen.eu\/wp-content\/uploads\/2025\/06\/The-idea-behind-EmpowerHer-02-1536x1097.jpg 1536w, https:\/\/empowermigrantwomen.eu\/wp-content\/uploads\/2025\/06\/The-idea-behind-EmpowerHer-02.jpg 1600w\" sizes=\"(max-width: 1024px) 100vw, 1024px\" \/><\/figure>\n\n<h2 class=\"wp-block-heading\">Enfocadas en la sostenibilidad<\/h2>\n\n<p>Lo que distingue a EmpowerHer es su compromiso con el impacto a largo plazo. El proyecto no ofrecer\u00e1 soluciones \u00fanicas para todos, sino que crear\u00e1 un ecosistema de apoyo basado en las necesidades reales, la colaboraci\u00f3n y la inclusi\u00f3n. Mediante la combinaci\u00f3n de aprendizaje personalizado, pr\u00e1cticas de empleo inclusivas y cooperaci\u00f3n intersectorial, EmpowerHer pretende contribuir a una Europa m\u00e1s cohesionada y diversa.  <\/p>\n\n<p>En lugar de ofrecer soluciones r\u00e1pidas, el proyecto sentar\u00e1 las bases para un di\u00e1logo continuo y un cambio pr\u00e1ctico, acerc\u00e1ndonos a una sociedad en la que las mujeres migrantes puedan prosperar, contribuir de manera significativa y sentirse verdaderamente integradas.<\/p>\n","protected":false},"excerpt":{"rendered":"<p>Por Katrin Echtermeyer | Wisamar, Alemania En una \u00e9poca de r\u00e1pida transformaci\u00f3n social, la demanda de comunidades m\u00e1s inclusivas y resilientes nunca ha sido tan fuerte. En toda Europa, las mujeres migrantes siguen siendo uno de los grupos m\u00e1s infrarrepresentados, pero tambi\u00e9n m\u00e1s prometedores, en el mercado laboral. EmpowerHer se propone cambiar esta situaci\u00f3n, no [&hellip;]<\/p>\n","protected":false},"author":1,"featured_media":801,"comment_status":"open","ping_status":"open","sticky":false,"template":"","format":"standard","meta":{"_eb_attr":"","footnotes":""},"categories":[40],"tags":[],"class_list":["post-1074","post","type-post","status-publish","format-standard","has-post-thumbnail","hentry","category-articulo"],"yoast_head":"<!-- This site is optimized with the Yoast SEO plugin v27.4 - https:\/\/yoast.com\/product\/yoast-seo-wordpress\/ -->\n<title>La idea detr\u00e1s de EmpowerHer: liberar el potencial de Europa a trav\u00e9s de la integraci\u00f3n inclusiva. - EmpowerHer<\/title>\n<meta name=\"robots\" content=\"index, follow, max-snippet:-1, max-image-preview:large, max-video-preview:-1\" \/>\n<link rel=\"canonical\" href=\"https:\/\/empowermigrantwomen.eu\/the-idea-behind-empowerher-unlocking-europes-potential-through-inclusive-integration\" \/>\n<meta property=\"og:locale\" content=\"es_ES\" \/>\n<meta property=\"og:type\" content=\"article\" \/>\n<meta property=\"og:title\" content=\"La idea detr\u00e1s de EmpowerHer: liberar el potencial de Europa a trav\u00e9s de la integraci\u00f3n inclusiva. - EmpowerHer\" \/>\n<meta property=\"og:description\" content=\"Por Katrin Echtermeyer | Wisamar, Alemania En una \u00e9poca de r\u00e1pida transformaci\u00f3n social, la demanda de comunidades m\u00e1s inclusivas y resilientes nunca ha sido tan fuerte. En toda Europa, las mujeres migrantes siguen siendo uno de los grupos m\u00e1s infrarrepresentados, pero tambi\u00e9n m\u00e1s prometedores, en el mercado laboral. EmpowerHer se propone cambiar esta situaci\u00f3n, no [&hellip;]\" \/>\n<meta property=\"og:url\" content=\"https:\/\/empowermigrantwomen.eu\/the-idea-behind-empowerher-unlocking-europes-potential-through-inclusive-integration\" \/>\n<meta property=\"og:site_name\" content=\"EmpowerHer\" \/>\n<meta property=\"article:published_time\" content=\"2025-06-03T06:50:53+00:00\" \/>\n<meta property=\"article:modified_time\" content=\"2025-10-27T11:03:57+00:00\" \/>\n<meta property=\"og:image\" content=\"https:\/\/empowermigrantwomen.eu\/wp-content\/uploads\/2025\/06\/The-idea-behind-EmpowerHer-01.jpg\" \/>\n\t<meta property=\"og:image:width\" content=\"1299\" \/>\n\t<meta property=\"og:image:height\" content=\"978\" \/>\n\t<meta property=\"og:image:type\" content=\"image\/jpeg\" \/>\n<meta name=\"author\" content=\"empowerher\" \/>\n<meta name=\"twitter:card\" content=\"summary_large_image\" \/>\n<meta name=\"twitter:label1\" content=\"Escrito por\" \/>\n\t<meta name=\"twitter:data1\" content=\"empowerher\" \/>\n\t<meta name=\"twitter:label2\" content=\"Tiempo de lectura\" \/>\n\t<meta name=\"twitter:data2\" content=\"5 minutos\" \/>\n<script type=\"application\/ld+json\" class=\"yoast-schema-graph\">{\"@context\":\"https:\\\/\\\/schema.org\",\"@graph\":[{\"@type\":\"Article\",\"@id\":\"https:\\\/\\\/empowermigrantwomen.eu\\\/the-idea-behind-empowerher-unlocking-europes-potential-through-inclusive-integration#article\",\"isPartOf\":{\"@id\":\"https:\\\/\\\/empowermigrantwomen.eu\\\/the-idea-behind-empowerher-unlocking-europes-potential-through-inclusive-integration\"},\"author\":{\"name\":\"empowerher\",\"@id\":\"https:\\\/\\\/empowermigrantwomen.eu\\\/fr\\\/#\\\/schema\\\/person\\\/7f16ce8b22340d8edcafcc9795e6bc29\"},\"headline\":\"La idea detr\u00e1s de EmpowerHer: liberar el potencial de Europa a trav\u00e9s de la integraci\u00f3n inclusiva.\",\"datePublished\":\"2025-06-03T06:50:53+00:00\",\"dateModified\":\"2025-10-27T11:03:57+00:00\",\"mainEntityOfPage\":{\"@id\":\"https:\\\/\\\/empowermigrantwomen.eu\\\/the-idea-behind-empowerher-unlocking-europes-potential-through-inclusive-integration\"},\"wordCount\":1076,\"commentCount\":0,\"publisher\":{\"@id\":\"https:\\\/\\\/empowermigrantwomen.eu\\\/fr\\\/#organization\"},\"image\":{\"@id\":\"https:\\\/\\\/empowermigrantwomen.eu\\\/the-idea-behind-empowerher-unlocking-europes-potential-through-inclusive-integration#primaryimage\"},\"thumbnailUrl\":\"https:\\\/\\\/empowermigrantwomen.eu\\\/wp-content\\\/uploads\\\/2025\\\/06\\\/The-idea-behind-EmpowerHer-01.jpg\",\"articleSection\":[\"Art\u00edculo\"],\"inLanguage\":\"es\",\"potentialAction\":[{\"@type\":\"CommentAction\",\"name\":\"Comment\",\"target\":[\"https:\\\/\\\/empowermigrantwomen.eu\\\/the-idea-behind-empowerher-unlocking-europes-potential-through-inclusive-integration#respond\"]}]},{\"@type\":\"WebPage\",\"@id\":\"https:\\\/\\\/empowermigrantwomen.eu\\\/the-idea-behind-empowerher-unlocking-europes-potential-through-inclusive-integration\",\"url\":\"https:\\\/\\\/empowermigrantwomen.eu\\\/the-idea-behind-empowerher-unlocking-europes-potential-through-inclusive-integration\",\"name\":\"La idea detr\u00e1s de EmpowerHer: liberar el potencial de Europa a trav\u00e9s de la integraci\u00f3n inclusiva. - EmpowerHer\",\"isPartOf\":{\"@id\":\"https:\\\/\\\/empowermigrantwomen.eu\\\/fr\\\/#website\"},\"primaryImageOfPage\":{\"@id\":\"https:\\\/\\\/empowermigrantwomen.eu\\\/the-idea-behind-empowerher-unlocking-europes-potential-through-inclusive-integration#primaryimage\"},\"image\":{\"@id\":\"https:\\\/\\\/empowermigrantwomen.eu\\\/the-idea-behind-empowerher-unlocking-europes-potential-through-inclusive-integration#primaryimage\"},\"thumbnailUrl\":\"https:\\\/\\\/empowermigrantwomen.eu\\\/wp-content\\\/uploads\\\/2025\\\/06\\\/The-idea-behind-EmpowerHer-01.jpg\",\"datePublished\":\"2025-06-03T06:50:53+00:00\",\"dateModified\":\"2025-10-27T11:03:57+00:00\",\"breadcrumb\":{\"@id\":\"https:\\\/\\\/empowermigrantwomen.eu\\\/the-idea-behind-empowerher-unlocking-europes-potential-through-inclusive-integration#breadcrumb\"},\"inLanguage\":\"es\",\"potentialAction\":[{\"@type\":\"ReadAction\",\"target\":[\"https:\\\/\\\/empowermigrantwomen.eu\\\/the-idea-behind-empowerher-unlocking-europes-potential-through-inclusive-integration\"]}]},{\"@type\":\"ImageObject\",\"inLanguage\":\"es\",\"@id\":\"https:\\\/\\\/empowermigrantwomen.eu\\\/the-idea-behind-empowerher-unlocking-europes-potential-through-inclusive-integration#primaryimage\",\"url\":\"https:\\\/\\\/empowermigrantwomen.eu\\\/wp-content\\\/uploads\\\/2025\\\/06\\\/The-idea-behind-EmpowerHer-01.jpg\",\"contentUrl\":\"https:\\\/\\\/empowermigrantwomen.eu\\\/wp-content\\\/uploads\\\/2025\\\/06\\\/The-idea-behind-EmpowerHer-01.jpg\",\"width\":1299,\"height\":978},{\"@type\":\"BreadcrumbList\",\"@id\":\"https:\\\/\\\/empowermigrantwomen.eu\\\/the-idea-behind-empowerher-unlocking-europes-potential-through-inclusive-integration#breadcrumb\",\"itemListElement\":[{\"@type\":\"ListItem\",\"position\":1,\"name\":\"Home\",\"item\":\"https:\\\/\\\/empowermigrantwomen.eu\\\/es\"},{\"@type\":\"ListItem\",\"position\":2,\"name\":\"La idea detr\u00e1s de EmpowerHer: liberar el potencial de Europa a trav\u00e9s de la integraci\u00f3n inclusiva.\"}]},{\"@type\":\"WebSite\",\"@id\":\"https:\\\/\\\/empowermigrantwomen.eu\\\/fr\\\/#website\",\"url\":\"https:\\\/\\\/empowermigrantwomen.eu\\\/fr\\\/\",\"name\":\"EmpowerHer\",\"description\":\"\",\"publisher\":{\"@id\":\"https:\\\/\\\/empowermigrantwomen.eu\\\/fr\\\/#organization\"},\"potentialAction\":[{\"@type\":\"SearchAction\",\"target\":{\"@type\":\"EntryPoint\",\"urlTemplate\":\"https:\\\/\\\/empowermigrantwomen.eu\\\/fr\\\/?s={search_term_string}\"},\"query-input\":{\"@type\":\"PropertyValueSpecification\",\"valueRequired\":true,\"valueName\":\"search_term_string\"}}],\"inLanguage\":\"es\"},{\"@type\":\"Organization\",\"@id\":\"https:\\\/\\\/empowermigrantwomen.eu\\\/fr\\\/#organization\",\"name\":\"EmpowerHer\",\"url\":\"https:\\\/\\\/empowermigrantwomen.eu\\\/fr\\\/\",\"logo\":{\"@type\":\"ImageObject\",\"inLanguage\":\"es\",\"@id\":\"https:\\\/\\\/empowermigrantwomen.eu\\\/fr\\\/#\\\/schema\\\/logo\\\/image\\\/\",\"url\":\"https:\\\/\\\/empowermigrantwomen.eu\\\/wp-content\\\/uploads\\\/2025\\\/04\\\/EmpowerHer-horizontal-logo.png\",\"contentUrl\":\"https:\\\/\\\/empowermigrantwomen.eu\\\/wp-content\\\/uploads\\\/2025\\\/04\\\/EmpowerHer-horizontal-logo.png\",\"width\":4096,\"height\":1543,\"caption\":\"EmpowerHer\"},\"image\":{\"@id\":\"https:\\\/\\\/empowermigrantwomen.eu\\\/fr\\\/#\\\/schema\\\/logo\\\/image\\\/\"}},{\"@type\":\"Person\",\"@id\":\"https:\\\/\\\/empowermigrantwomen.eu\\\/fr\\\/#\\\/schema\\\/person\\\/7f16ce8b22340d8edcafcc9795e6bc29\",\"name\":\"empowerher\",\"image\":{\"@type\":\"ImageObject\",\"inLanguage\":\"es\",\"@id\":\"https:\\\/\\\/secure.gravatar.com\\\/avatar\\\/d72d70e7a7995c01f626e4d1c4ed97de16eb87b8f1cc8814a5c830fd3734c74f?s=96&d=mm&r=g\",\"url\":\"https:\\\/\\\/secure.gravatar.com\\\/avatar\\\/d72d70e7a7995c01f626e4d1c4ed97de16eb87b8f1cc8814a5c830fd3734c74f?s=96&d=mm&r=g\",\"contentUrl\":\"https:\\\/\\\/secure.gravatar.com\\\/avatar\\\/d72d70e7a7995c01f626e4d1c4ed97de16eb87b8f1cc8814a5c830fd3734c74f?s=96&d=mm&r=g\",\"caption\":\"empowerher\"},\"sameAs\":[\"https:\\\/\\\/empowermigrantwoman.eu\"],\"url\":\"https:\\\/\\\/empowermigrantwomen.eu\\\/es\\\/author\\\/empowerher\"}]}<\/script>\n<!-- \/ Yoast SEO plugin. -->","yoast_head_json":{"title":"La idea detr\u00e1s de EmpowerHer: liberar el potencial de Europa a trav\u00e9s de la integraci\u00f3n inclusiva. - EmpowerHer","robots":{"index":"index","follow":"follow","max-snippet":"max-snippet:-1","max-image-preview":"max-image-preview:large","max-video-preview":"max-video-preview:-1"},"canonical":"https:\/\/empowermigrantwomen.eu\/the-idea-behind-empowerher-unlocking-europes-potential-through-inclusive-integration","og_locale":"es_ES","og_type":"article","og_title":"La idea detr\u00e1s de EmpowerHer: liberar el potencial de Europa a trav\u00e9s de la integraci\u00f3n inclusiva. - EmpowerHer","og_description":"Por Katrin Echtermeyer | Wisamar, Alemania En una \u00e9poca de r\u00e1pida transformaci\u00f3n social, la demanda de comunidades m\u00e1s inclusivas y resilientes nunca ha sido tan fuerte. En toda Europa, las mujeres migrantes siguen siendo uno de los grupos m\u00e1s infrarrepresentados, pero tambi\u00e9n m\u00e1s prometedores, en el mercado laboral. EmpowerHer se propone cambiar esta situaci\u00f3n, no [&hellip;]","og_url":"https:\/\/empowermigrantwomen.eu\/the-idea-behind-empowerher-unlocking-europes-potential-through-inclusive-integration","og_site_name":"EmpowerHer","article_published_time":"2025-06-03T06:50:53+00:00","article_modified_time":"2025-10-27T11:03:57+00:00","og_image":[{"width":1299,"height":978,"url":"https:\/\/empowermigrantwomen.eu\/wp-content\/uploads\/2025\/06\/The-idea-behind-EmpowerHer-01.jpg","type":"image\/jpeg"}],"author":"empowerher","twitter_card":"summary_large_image","twitter_misc":{"Escrito por":"empowerher","Tiempo de lectura":"5 minutos"},"schema":{"@context":"https:\/\/schema.org","@graph":[{"@type":"Article","@id":"https:\/\/empowermigrantwomen.eu\/the-idea-behind-empowerher-unlocking-europes-potential-through-inclusive-integration#article","isPartOf":{"@id":"https:\/\/empowermigrantwomen.eu\/the-idea-behind-empowerher-unlocking-europes-potential-through-inclusive-integration"},"author":{"name":"empowerher","@id":"https:\/\/empowermigrantwomen.eu\/fr\/#\/schema\/person\/7f16ce8b22340d8edcafcc9795e6bc29"},"headline":"La idea detr\u00e1s de EmpowerHer: liberar el potencial de Europa a trav\u00e9s de la integraci\u00f3n inclusiva.","datePublished":"2025-06-03T06:50:53+00:00","dateModified":"2025-10-27T11:03:57+00:00","mainEntityOfPage":{"@id":"https:\/\/empowermigrantwomen.eu\/the-idea-behind-empowerher-unlocking-europes-potential-through-inclusive-integration"},"wordCount":1076,"commentCount":0,"publisher":{"@id":"https:\/\/empowermigrantwomen.eu\/fr\/#organization"},"image":{"@id":"https:\/\/empowermigrantwomen.eu\/the-idea-behind-empowerher-unlocking-europes-potential-through-inclusive-integration#primaryimage"},"thumbnailUrl":"https:\/\/empowermigrantwomen.eu\/wp-content\/uploads\/2025\/06\/The-idea-behind-EmpowerHer-01.jpg","articleSection":["Art\u00edculo"],"inLanguage":"es","potentialAction":[{"@type":"CommentAction","name":"Comment","target":["https:\/\/empowermigrantwomen.eu\/the-idea-behind-empowerher-unlocking-europes-potential-through-inclusive-integration#respond"]}]},{"@type":"WebPage","@id":"https:\/\/empowermigrantwomen.eu\/the-idea-behind-empowerher-unlocking-europes-potential-through-inclusive-integration","url":"https:\/\/empowermigrantwomen.eu\/the-idea-behind-empowerher-unlocking-europes-potential-through-inclusive-integration","name":"La idea detr\u00e1s de EmpowerHer: liberar el potencial de Europa a trav\u00e9s de la integraci\u00f3n inclusiva. - EmpowerHer","isPartOf":{"@id":"https:\/\/empowermigrantwomen.eu\/fr\/#website"},"primaryImageOfPage":{"@id":"https:\/\/empowermigrantwomen.eu\/the-idea-behind-empowerher-unlocking-europes-potential-through-inclusive-integration#primaryimage"},"image":{"@id":"https:\/\/empowermigrantwomen.eu\/the-idea-behind-empowerher-unlocking-europes-potential-through-inclusive-integration#primaryimage"},"thumbnailUrl":"https:\/\/empowermigrantwomen.eu\/wp-content\/uploads\/2025\/06\/The-idea-behind-EmpowerHer-01.jpg","datePublished":"2025-06-03T06:50:53+00:00","dateModified":"2025-10-27T11:03:57+00:00","breadcrumb":{"@id":"https:\/\/empowermigrantwomen.eu\/the-idea-behind-empowerher-unlocking-europes-potential-through-inclusive-integration#breadcrumb"},"inLanguage":"es","potentialAction":[{"@type":"ReadAction","target":["https:\/\/empowermigrantwomen.eu\/the-idea-behind-empowerher-unlocking-europes-potential-through-inclusive-integration"]}]},{"@type":"ImageObject","inLanguage":"es","@id":"https:\/\/empowermigrantwomen.eu\/the-idea-behind-empowerher-unlocking-europes-potential-through-inclusive-integration#primaryimage","url":"https:\/\/empowermigrantwomen.eu\/wp-content\/uploads\/2025\/06\/The-idea-behind-EmpowerHer-01.jpg","contentUrl":"https:\/\/empowermigrantwomen.eu\/wp-content\/uploads\/2025\/06\/The-idea-behind-EmpowerHer-01.jpg","width":1299,"height":978},{"@type":"BreadcrumbList","@id":"https:\/\/empowermigrantwomen.eu\/the-idea-behind-empowerher-unlocking-europes-potential-through-inclusive-integration#breadcrumb","itemListElement":[{"@type":"ListItem","position":1,"name":"Home","item":"https:\/\/empowermigrantwomen.eu\/es"},{"@type":"ListItem","position":2,"name":"La idea detr\u00e1s de EmpowerHer: liberar el potencial de Europa a trav\u00e9s de la integraci\u00f3n inclusiva."}]},{"@type":"WebSite","@id":"https:\/\/empowermigrantwomen.eu\/fr\/#website","url":"https:\/\/empowermigrantwomen.eu\/fr\/","name":"EmpowerHer","description":"","publisher":{"@id":"https:\/\/empowermigrantwomen.eu\/fr\/#organization"},"potentialAction":[{"@type":"SearchAction","target":{"@type":"EntryPoint","urlTemplate":"https:\/\/empowermigrantwomen.eu\/fr\/?s={search_term_string}"},"query-input":{"@type":"PropertyValueSpecification","valueRequired":true,"valueName":"search_term_string"}}],"inLanguage":"es"},{"@type":"Organization","@id":"https:\/\/empowermigrantwomen.eu\/fr\/#organization","name":"EmpowerHer","url":"https:\/\/empowermigrantwomen.eu\/fr\/","logo":{"@type":"ImageObject","inLanguage":"es","@id":"https:\/\/empowermigrantwomen.eu\/fr\/#\/schema\/logo\/image\/","url":"https:\/\/empowermigrantwomen.eu\/wp-content\/uploads\/2025\/04\/EmpowerHer-horizontal-logo.png","contentUrl":"https:\/\/empowermigrantwomen.eu\/wp-content\/uploads\/2025\/04\/EmpowerHer-horizontal-logo.png","width":4096,"height":1543,"caption":"EmpowerHer"},"image":{"@id":"https:\/\/empowermigrantwomen.eu\/fr\/#\/schema\/logo\/image\/"}},{"@type":"Person","@id":"https:\/\/empowermigrantwomen.eu\/fr\/#\/schema\/person\/7f16ce8b22340d8edcafcc9795e6bc29","name":"empowerher","image":{"@type":"ImageObject","inLanguage":"es","@id":"https:\/\/secure.gravatar.com\/avatar\/d72d70e7a7995c01f626e4d1c4ed97de16eb87b8f1cc8814a5c830fd3734c74f?s=96&d=mm&r=g","url":"https:\/\/secure.gravatar.com\/avatar\/d72d70e7a7995c01f626e4d1c4ed97de16eb87b8f1cc8814a5c830fd3734c74f?s=96&d=mm&r=g","contentUrl":"https:\/\/secure.gravatar.com\/avatar\/d72d70e7a7995c01f626e4d1c4ed97de16eb87b8f1cc8814a5c830fd3734c74f?s=96&d=mm&r=g","caption":"empowerher"},"sameAs":["https:\/\/empowermigrantwoman.eu"],"url":"https:\/\/empowermigrantwomen.eu\/es\/author\/empowerher"}]}},"_links":{"self":[{"href":"https:\/\/empowermigrantwomen.eu\/es\/wp-json\/wp\/v2\/posts\/1074","targetHints":{"allow":["GET"]}}],"collection":[{"href":"https:\/\/empowermigrantwomen.eu\/es\/wp-json\/wp\/v2\/posts"}],"about":[{"href":"https:\/\/empowermigrantwomen.eu\/es\/wp-json\/wp\/v2\/types\/post"}],"author":[{"embeddable":true,"href":"https:\/\/empowermigrantwomen.eu\/es\/wp-json\/wp\/v2\/users\/1"}],"replies":[{"embeddable":true,"href":"https:\/\/empowermigrantwomen.eu\/es\/wp-json\/wp\/v2\/comments?post=1074"}],"version-history":[{"count":1,"href":"https:\/\/empowermigrantwomen.eu\/es\/wp-json\/wp\/v2\/posts\/1074\/revisions"}],"predecessor-version":[{"id":1075,"href":"https:\/\/empowermigrantwomen.eu\/es\/wp-json\/wp\/v2\/posts\/1074\/revisions\/1075"}],"wp:featuredmedia":[{"embeddable":true,"href":"https:\/\/empowermigrantwomen.eu\/es\/wp-json\/wp\/v2\/media\/801"}],"wp:attachment":[{"href":"https:\/\/empowermigrantwomen.eu\/es\/wp-json\/wp\/v2\/media?parent=1074"}],"wp:term":[{"taxonomy":"category","embeddable":true,"href":"https:\/\/empowermigrantwomen.eu\/es\/wp-json\/wp\/v2\/categories?post=1074"},{"taxonomy":"post_tag","embeddable":true,"href":"https:\/\/empowermigrantwomen.eu\/es\/wp-json\/wp\/v2\/tags?post=1074"}],"curies":[{"name":"wp","href":"https:\/\/api.w.org\/{rel}","templated":true}]}}