{"id":1214,"date":"2025-11-06T10:37:35","date_gmt":"2025-11-06T10:37:35","guid":{"rendered":"https:\/\/empowermigrantwomen.eu\/segunda-reunion-transnacional-del-proyecto-empowerher-en-granada-puesta-al-dia-y-planificacion-de-las-proximas-tareas"},"modified":"2026-01-07T11:27:32","modified_gmt":"2026-01-07T11:27:32","slug":"segunda-reunion-transnacional-del-proyecto-empowerher-en-granada-puesta-al-dia-y-planificacion-de-las-proximas-tareas","status":"publish","type":"post","link":"https:\/\/empowermigrantwomen.eu\/es\/segunda-reunion-transnacional-del-proyecto-empowerher-en-granada-puesta-al-dia-y-planificacion-de-las-proximas-tareas","title":{"rendered":"Segunda reuni\u00f3n transnacional del proyecto EmpowerHer en Granada: puesta al d\u00eda y planificaci\u00f3n de las pr\u00f3ximas tareas"},"content":{"rendered":"\n<p><strong>Por Aida Y\u00e1\u00f1ez-Sede\u00f1o Sabariegos | OnProjects, Espa\u00f1a<\/strong><\/p>\n\n<p>El consorcio EmpowerHer celebr\u00f3 su segunda reuni\u00f3n transnacional del proyecto en Granada, Espa\u00f1a, los d\u00edas 4 y 5 de noviembre de 2025. Durante dos d\u00edas, las socias del consorcio acordaron los hitos de los distintos paquetes de trabajo, actualizaron la hoja de ruta y reforzaron la colaboraci\u00f3n en persona, adem\u00e1s de disponer de algo de tiempo libre para explorar la ciudad y relajarse en una soleada Espa\u00f1a. <\/p>\n\n<h2 class=\"wp-block-heading\">1.\u00ba d\u00eda: martes, 4 de noviembre de 2025<\/h2>\n\n<p>Tras una bienvenida y una puesta en marcha dirigida por Wisamar, el equipo se sumergi\u00f3 en revisar <strong>el desarrollo de la \u00abCaja de herramientas para la incorporaci\u00f3n\u00bb<\/strong>. Antonia, de Comcy, moder\u00f3 esta primera sesi\u00f3n en la que se compartieron las conclusiones de los \u00faltimos grupos de discusi\u00f3n y entrevistas con las partes interesadas, que se integrar\u00e1n en un informe europeo final y, por supuesto, servir\u00e1n para dar forma a la caja de herramientas. Mona de DIE organiz\u00f3 una breve actividad energizante despu\u00e9s del almuerzo para ayudar al grupo a recargar pilas antes de pasar a <strong>la actividad \u00abImplementaciones del programa de formaci\u00f3n\u00bb<\/strong> con Soha, de Pistes Solidaires como moderadora. En primer lugar, las socias proporcionaron algunas actualizaciones sobre las formaciones locales que se llevar\u00e1n a cabo y, a continuaci\u00f3n, sobre el pr\u00f3ximo taller en l\u00ednea que se celebrar\u00e1 el 25 de noviembre. La jornada concluy\u00f3 con una competici\u00f3n en directo entre las socias utilizando la aplicaci\u00f3n web, <strong>que sirvi\u00f3 tanto <\/strong>para perfeccionar la funcionalidad como para disfrutar de un divertido final de la reuni\u00f3n. Aclaraci\u00f3n: ninguna socia fue juzgada por su puntuaci\u00f3n final ;).     <\/p>\n\n<h2 class=\"wp-block-heading\">2.\u00ba d\u00eda: mi\u00e9rcoles, 5 de noviembre de 2025<\/h2>\n\n<p>La segunda ma\u00f1ana comenz\u00f3 con una sesi\u00f3n de yoga con Andreea, en la que las socias tuvieron la oportunidad de conectar un poco consigo mismas, pero tambi\u00e9n con el grupo, para empezar el segundo d\u00eda de la reuni\u00f3n de forma fresca y relajada. APIDI y OnProjects presentaron varias actualizaciones y las pr\u00f3ximas tareas relacionadas con las <strong>actividades de comunicaci\u00f3n y divulgaci\u00f3n<\/strong>, principalmente en lo que respecta a la campa\u00f1a en redes sociales que se va a lanzar. M\u00e1s tarde, tras una breve pausa para el caf\u00e9, Antonia, de Comcy, repas\u00f3 el control de <strong>calidad y el impacto<\/strong> para programar las pr\u00f3ximas actividades de evaluaci\u00f3n, seguido del segmento de <strong>gesti\u00f3n de proyectos<\/strong> de Wisamar, que abarc\u00f3 los pr\u00f3ximos informes y el calendario de las pr\u00f3ximas reuniones. La reuni\u00f3n concluy\u00f3 con una sesi\u00f3n final de preguntas y respuestas, y el compromiso compartido del consorcio de seguir trabajando por un futuro mejor para las mujeres migrantes a trav\u00e9s de este proyecto.   <\/p>\n\n<p>Tras dos d\u00edas muy productivos, la reuni\u00f3n de Granada concluy\u00f3 con compromisos claros, un impulso renovado y un sentido com\u00fan de prop\u00f3sito. Igualmente importante es que el tiempo que pasamos juntos fortaleci\u00f3 la confianza y la colaboraci\u00f3n, conceptos clave para un trabajo en equipo exitoso. Gracias a todos los socios por su energ\u00eda y sus ideas; juntos estamos avanzando en la misi\u00f3n de EmpowerHer de ampliar las oportunidades para las mujeres migrantes en toda Europa.  <\/p>\n\n<figure class=\"wp-block-image size-large\"><img fetchpriority=\"high\" decoding=\"async\" width=\"1024\" height=\"576\" src=\"https:\/\/empowermigrantwomen.eu\/wp-content\/uploads\/2025\/11\/IMG_1554-1024x576.jpg\" alt=\"\" class=\"wp-image-1152\" srcset=\"https:\/\/empowermigrantwomen.eu\/wp-content\/uploads\/2025\/11\/IMG_1554-1024x576.jpg 1024w, https:\/\/empowermigrantwomen.eu\/wp-content\/uploads\/2025\/11\/IMG_1554-300x169.jpg 300w, https:\/\/empowermigrantwomen.eu\/wp-content\/uploads\/2025\/11\/IMG_1554-768x432.jpg 768w, https:\/\/empowermigrantwomen.eu\/wp-content\/uploads\/2025\/11\/IMG_1554-1536x864.jpg 1536w, https:\/\/empowermigrantwomen.eu\/wp-content\/uploads\/2025\/11\/IMG_1554-2048x1152.jpg 2048w\" sizes=\"(max-width: 1024px) 100vw, 1024px\" \/><figcaption class=\"wp-element-caption\">Foto familiar \u263a<\/figcaption><\/figure>\n","protected":false},"excerpt":{"rendered":"<p>Por Aida Y\u00e1\u00f1ez-Sede\u00f1o Sabariegos | OnProjects, Espa\u00f1a El consorcio EmpowerHer celebr\u00f3 su segunda reuni\u00f3n transnacional del proyecto en Granada, Espa\u00f1a, los d\u00edas 4 y 5 de noviembre de 2025. Durante dos d\u00edas, las socias del consorcio acordaron los hitos de los distintos paquetes de trabajo, actualizaron la hoja de ruta y reforzaron la colaboraci\u00f3n en [&hellip;]<\/p>\n","protected":false},"author":1,"featured_media":1157,"comment_status":"open","ping_status":"open","sticky":false,"template":"","format":"standard","meta":{"_eb_attr":"","footnotes":""},"categories":[45],"tags":[],"class_list":["post-1214","post","type-post","status-publish","format-standard","has-post-thumbnail","hentry","category-noticias"],"yoast_head":"<!-- This site is optimized with the Yoast SEO plugin v27.4 - https:\/\/yoast.com\/product\/yoast-seo-wordpress\/ -->\n<title>Segunda reuni\u00f3n transnacional del proyecto EmpowerHer en Granada: puesta al d\u00eda y planificaci\u00f3n de las pr\u00f3ximas tareas - EmpowerHer<\/title>\n<meta name=\"robots\" content=\"index, follow, max-snippet:-1, max-image-preview:large, max-video-preview:-1\" \/>\n<link rel=\"canonical\" href=\"https:\/\/empowermigrantwomen.eu\/es\/segunda-reunion-transnacional-del-proyecto-empowerher-en-granada-puesta-al-dia-y-planificacion-de-las-proximas-tareas\" \/>\n<meta property=\"og:locale\" content=\"es_ES\" \/>\n<meta property=\"og:type\" content=\"article\" \/>\n<meta property=\"og:title\" content=\"Segunda reuni\u00f3n transnacional del proyecto EmpowerHer en Granada: puesta al d\u00eda y planificaci\u00f3n de las pr\u00f3ximas tareas - EmpowerHer\" \/>\n<meta property=\"og:description\" content=\"Por Aida Y\u00e1\u00f1ez-Sede\u00f1o Sabariegos | OnProjects, Espa\u00f1a El consorcio EmpowerHer celebr\u00f3 su segunda reuni\u00f3n transnacional del proyecto en Granada, Espa\u00f1a, los d\u00edas 4 y 5 de noviembre de 2025. Durante dos d\u00edas, las socias del consorcio acordaron los hitos de los distintos paquetes de trabajo, actualizaron la hoja de ruta y reforzaron la colaboraci\u00f3n en [&hellip;]\" \/>\n<meta property=\"og:url\" content=\"https:\/\/empowermigrantwomen.eu\/es\/segunda-reunion-transnacional-del-proyecto-empowerher-en-granada-puesta-al-dia-y-planificacion-de-las-proximas-tareas\" \/>\n<meta property=\"og:site_name\" content=\"EmpowerHer\" \/>\n<meta property=\"article:published_time\" content=\"2025-11-06T10:37:35+00:00\" \/>\n<meta property=\"article:modified_time\" content=\"2026-01-07T11:27:32+00:00\" \/>\n<meta property=\"og:image\" content=\"https:\/\/empowermigrantwomen.eu\/wp-content\/uploads\/2025\/11\/IMG_1554-scaled.jpg\" \/>\n\t<meta property=\"og:image:width\" content=\"2560\" \/>\n\t<meta property=\"og:image:height\" content=\"1440\" \/>\n\t<meta property=\"og:image:type\" content=\"image\/jpeg\" \/>\n<meta name=\"author\" content=\"empowerher\" \/>\n<meta name=\"twitter:card\" content=\"summary_large_image\" \/>\n<meta name=\"twitter:label1\" content=\"Escrito por\" \/>\n\t<meta name=\"twitter:data1\" content=\"empowerher\" \/>\n\t<meta name=\"twitter:label2\" content=\"Tiempo de lectura\" \/>\n\t<meta name=\"twitter:data2\" content=\"3 minutos\" \/>\n<script type=\"application\/ld+json\" class=\"yoast-schema-graph\">{\"@context\":\"https:\\\/\\\/schema.org\",\"@graph\":[{\"@type\":\"Article\",\"@id\":\"https:\\\/\\\/empowermigrantwomen.eu\\\/es\\\/segunda-reunion-transnacional-del-proyecto-empowerher-en-granada-puesta-al-dia-y-planificacion-de-las-proximas-tareas#article\",\"isPartOf\":{\"@id\":\"https:\\\/\\\/empowermigrantwomen.eu\\\/es\\\/segunda-reunion-transnacional-del-proyecto-empowerher-en-granada-puesta-al-dia-y-planificacion-de-las-proximas-tareas\"},\"author\":{\"name\":\"empowerher\",\"@id\":\"https:\\\/\\\/empowermigrantwomen.eu\\\/fr\\\/#\\\/schema\\\/person\\\/7f16ce8b22340d8edcafcc9795e6bc29\"},\"headline\":\"Segunda reuni\u00f3n transnacional del proyecto EmpowerHer en Granada: puesta al d\u00eda y planificaci\u00f3n de las pr\u00f3ximas tareas\",\"datePublished\":\"2025-11-06T10:37:35+00:00\",\"dateModified\":\"2026-01-07T11:27:32+00:00\",\"mainEntityOfPage\":{\"@id\":\"https:\\\/\\\/empowermigrantwomen.eu\\\/es\\\/segunda-reunion-transnacional-del-proyecto-empowerher-en-granada-puesta-al-dia-y-planificacion-de-las-proximas-tareas\"},\"wordCount\":572,\"commentCount\":0,\"publisher\":{\"@id\":\"https:\\\/\\\/empowermigrantwomen.eu\\\/fr\\\/#organization\"},\"image\":{\"@id\":\"https:\\\/\\\/empowermigrantwomen.eu\\\/es\\\/segunda-reunion-transnacional-del-proyecto-empowerher-en-granada-puesta-al-dia-y-planificacion-de-las-proximas-tareas#primaryimage\"},\"thumbnailUrl\":\"https:\\\/\\\/empowermigrantwomen.eu\\\/wp-content\\\/uploads\\\/2025\\\/11\\\/IMG_1554-scaled.jpg\",\"articleSection\":[\"Noticias\"],\"inLanguage\":\"es\",\"potentialAction\":[{\"@type\":\"CommentAction\",\"name\":\"Comment\",\"target\":[\"https:\\\/\\\/empowermigrantwomen.eu\\\/es\\\/segunda-reunion-transnacional-del-proyecto-empowerher-en-granada-puesta-al-dia-y-planificacion-de-las-proximas-tareas#respond\"]}]},{\"@type\":\"WebPage\",\"@id\":\"https:\\\/\\\/empowermigrantwomen.eu\\\/es\\\/segunda-reunion-transnacional-del-proyecto-empowerher-en-granada-puesta-al-dia-y-planificacion-de-las-proximas-tareas\",\"url\":\"https:\\\/\\\/empowermigrantwomen.eu\\\/es\\\/segunda-reunion-transnacional-del-proyecto-empowerher-en-granada-puesta-al-dia-y-planificacion-de-las-proximas-tareas\",\"name\":\"Segunda reuni\u00f3n transnacional del proyecto EmpowerHer en Granada: puesta al d\u00eda y planificaci\u00f3n de las pr\u00f3ximas tareas - EmpowerHer\",\"isPartOf\":{\"@id\":\"https:\\\/\\\/empowermigrantwomen.eu\\\/fr\\\/#website\"},\"primaryImageOfPage\":{\"@id\":\"https:\\\/\\\/empowermigrantwomen.eu\\\/es\\\/segunda-reunion-transnacional-del-proyecto-empowerher-en-granada-puesta-al-dia-y-planificacion-de-las-proximas-tareas#primaryimage\"},\"image\":{\"@id\":\"https:\\\/\\\/empowermigrantwomen.eu\\\/es\\\/segunda-reunion-transnacional-del-proyecto-empowerher-en-granada-puesta-al-dia-y-planificacion-de-las-proximas-tareas#primaryimage\"},\"thumbnailUrl\":\"https:\\\/\\\/empowermigrantwomen.eu\\\/wp-content\\\/uploads\\\/2025\\\/11\\\/IMG_1554-scaled.jpg\",\"datePublished\":\"2025-11-06T10:37:35+00:00\",\"dateModified\":\"2026-01-07T11:27:32+00:00\",\"breadcrumb\":{\"@id\":\"https:\\\/\\\/empowermigrantwomen.eu\\\/es\\\/segunda-reunion-transnacional-del-proyecto-empowerher-en-granada-puesta-al-dia-y-planificacion-de-las-proximas-tareas#breadcrumb\"},\"inLanguage\":\"es\",\"potentialAction\":[{\"@type\":\"ReadAction\",\"target\":[\"https:\\\/\\\/empowermigrantwomen.eu\\\/es\\\/segunda-reunion-transnacional-del-proyecto-empowerher-en-granada-puesta-al-dia-y-planificacion-de-las-proximas-tareas\"]}]},{\"@type\":\"ImageObject\",\"inLanguage\":\"es\",\"@id\":\"https:\\\/\\\/empowermigrantwomen.eu\\\/es\\\/segunda-reunion-transnacional-del-proyecto-empowerher-en-granada-puesta-al-dia-y-planificacion-de-las-proximas-tareas#primaryimage\",\"url\":\"https:\\\/\\\/empowermigrantwomen.eu\\\/wp-content\\\/uploads\\\/2025\\\/11\\\/IMG_1554-scaled.jpg\",\"contentUrl\":\"https:\\\/\\\/empowermigrantwomen.eu\\\/wp-content\\\/uploads\\\/2025\\\/11\\\/IMG_1554-scaled.jpg\",\"width\":2560,\"height\":1440},{\"@type\":\"BreadcrumbList\",\"@id\":\"https:\\\/\\\/empowermigrantwomen.eu\\\/es\\\/segunda-reunion-transnacional-del-proyecto-empowerher-en-granada-puesta-al-dia-y-planificacion-de-las-proximas-tareas#breadcrumb\",\"itemListElement\":[{\"@type\":\"ListItem\",\"position\":1,\"name\":\"Home\",\"item\":\"https:\\\/\\\/empowermigrantwomen.eu\\\/es\"},{\"@type\":\"ListItem\",\"position\":2,\"name\":\"Segunda reuni\u00f3n transnacional del proyecto EmpowerHer en Granada: puesta al d\u00eda y planificaci\u00f3n de las pr\u00f3ximas tareas\"}]},{\"@type\":\"WebSite\",\"@id\":\"https:\\\/\\\/empowermigrantwomen.eu\\\/fr\\\/#website\",\"url\":\"https:\\\/\\\/empowermigrantwomen.eu\\\/fr\\\/\",\"name\":\"EmpowerHer\",\"description\":\"\",\"publisher\":{\"@id\":\"https:\\\/\\\/empowermigrantwomen.eu\\\/fr\\\/#organization\"},\"potentialAction\":[{\"@type\":\"SearchAction\",\"target\":{\"@type\":\"EntryPoint\",\"urlTemplate\":\"https:\\\/\\\/empowermigrantwomen.eu\\\/fr\\\/?s={search_term_string}\"},\"query-input\":{\"@type\":\"PropertyValueSpecification\",\"valueRequired\":true,\"valueName\":\"search_term_string\"}}],\"inLanguage\":\"es\"},{\"@type\":\"Organization\",\"@id\":\"https:\\\/\\\/empowermigrantwomen.eu\\\/fr\\\/#organization\",\"name\":\"EmpowerHer\",\"url\":\"https:\\\/\\\/empowermigrantwomen.eu\\\/fr\\\/\",\"logo\":{\"@type\":\"ImageObject\",\"inLanguage\":\"es\",\"@id\":\"https:\\\/\\\/empowermigrantwomen.eu\\\/fr\\\/#\\\/schema\\\/logo\\\/image\\\/\",\"url\":\"https:\\\/\\\/empowermigrantwomen.eu\\\/wp-content\\\/uploads\\\/2025\\\/04\\\/EmpowerHer-horizontal-logo.png\",\"contentUrl\":\"https:\\\/\\\/empowermigrantwomen.eu\\\/wp-content\\\/uploads\\\/2025\\\/04\\\/EmpowerHer-horizontal-logo.png\",\"width\":4096,\"height\":1543,\"caption\":\"EmpowerHer\"},\"image\":{\"@id\":\"https:\\\/\\\/empowermigrantwomen.eu\\\/fr\\\/#\\\/schema\\\/logo\\\/image\\\/\"}},{\"@type\":\"Person\",\"@id\":\"https:\\\/\\\/empowermigrantwomen.eu\\\/fr\\\/#\\\/schema\\\/person\\\/7f16ce8b22340d8edcafcc9795e6bc29\",\"name\":\"empowerher\",\"image\":{\"@type\":\"ImageObject\",\"inLanguage\":\"es\",\"@id\":\"https:\\\/\\\/secure.gravatar.com\\\/avatar\\\/d72d70e7a7995c01f626e4d1c4ed97de16eb87b8f1cc8814a5c830fd3734c74f?s=96&d=mm&r=g\",\"url\":\"https:\\\/\\\/secure.gravatar.com\\\/avatar\\\/d72d70e7a7995c01f626e4d1c4ed97de16eb87b8f1cc8814a5c830fd3734c74f?s=96&d=mm&r=g\",\"contentUrl\":\"https:\\\/\\\/secure.gravatar.com\\\/avatar\\\/d72d70e7a7995c01f626e4d1c4ed97de16eb87b8f1cc8814a5c830fd3734c74f?s=96&d=mm&r=g\",\"caption\":\"empowerher\"},\"sameAs\":[\"https:\\\/\\\/empowermigrantwoman.eu\"],\"url\":\"https:\\\/\\\/empowermigrantwomen.eu\\\/es\\\/author\\\/empowerher\"}]}<\/script>\n<!-- \/ Yoast SEO plugin. -->","yoast_head_json":{"title":"Segunda reuni\u00f3n transnacional del proyecto EmpowerHer en Granada: puesta al d\u00eda y planificaci\u00f3n de las pr\u00f3ximas tareas - EmpowerHer","robots":{"index":"index","follow":"follow","max-snippet":"max-snippet:-1","max-image-preview":"max-image-preview:large","max-video-preview":"max-video-preview:-1"},"canonical":"https:\/\/empowermigrantwomen.eu\/es\/segunda-reunion-transnacional-del-proyecto-empowerher-en-granada-puesta-al-dia-y-planificacion-de-las-proximas-tareas","og_locale":"es_ES","og_type":"article","og_title":"Segunda reuni\u00f3n transnacional del proyecto EmpowerHer en Granada: puesta al d\u00eda y planificaci\u00f3n de las pr\u00f3ximas tareas - EmpowerHer","og_description":"Por Aida Y\u00e1\u00f1ez-Sede\u00f1o Sabariegos | OnProjects, Espa\u00f1a El consorcio EmpowerHer celebr\u00f3 su segunda reuni\u00f3n transnacional del proyecto en Granada, Espa\u00f1a, los d\u00edas 4 y 5 de noviembre de 2025. Durante dos d\u00edas, las socias del consorcio acordaron los hitos de los distintos paquetes de trabajo, actualizaron la hoja de ruta y reforzaron la colaboraci\u00f3n en [&hellip;]","og_url":"https:\/\/empowermigrantwomen.eu\/es\/segunda-reunion-transnacional-del-proyecto-empowerher-en-granada-puesta-al-dia-y-planificacion-de-las-proximas-tareas","og_site_name":"EmpowerHer","article_published_time":"2025-11-06T10:37:35+00:00","article_modified_time":"2026-01-07T11:27:32+00:00","og_image":[{"width":2560,"height":1440,"url":"https:\/\/empowermigrantwomen.eu\/wp-content\/uploads\/2025\/11\/IMG_1554-scaled.jpg","type":"image\/jpeg"}],"author":"empowerher","twitter_card":"summary_large_image","twitter_misc":{"Escrito por":"empowerher","Tiempo de lectura":"3 minutos"},"schema":{"@context":"https:\/\/schema.org","@graph":[{"@type":"Article","@id":"https:\/\/empowermigrantwomen.eu\/es\/segunda-reunion-transnacional-del-proyecto-empowerher-en-granada-puesta-al-dia-y-planificacion-de-las-proximas-tareas#article","isPartOf":{"@id":"https:\/\/empowermigrantwomen.eu\/es\/segunda-reunion-transnacional-del-proyecto-empowerher-en-granada-puesta-al-dia-y-planificacion-de-las-proximas-tareas"},"author":{"name":"empowerher","@id":"https:\/\/empowermigrantwomen.eu\/fr\/#\/schema\/person\/7f16ce8b22340d8edcafcc9795e6bc29"},"headline":"Segunda reuni\u00f3n transnacional del proyecto EmpowerHer en Granada: puesta al d\u00eda y planificaci\u00f3n de las pr\u00f3ximas tareas","datePublished":"2025-11-06T10:37:35+00:00","dateModified":"2026-01-07T11:27:32+00:00","mainEntityOfPage":{"@id":"https:\/\/empowermigrantwomen.eu\/es\/segunda-reunion-transnacional-del-proyecto-empowerher-en-granada-puesta-al-dia-y-planificacion-de-las-proximas-tareas"},"wordCount":572,"commentCount":0,"publisher":{"@id":"https:\/\/empowermigrantwomen.eu\/fr\/#organization"},"image":{"@id":"https:\/\/empowermigrantwomen.eu\/es\/segunda-reunion-transnacional-del-proyecto-empowerher-en-granada-puesta-al-dia-y-planificacion-de-las-proximas-tareas#primaryimage"},"thumbnailUrl":"https:\/\/empowermigrantwomen.eu\/wp-content\/uploads\/2025\/11\/IMG_1554-scaled.jpg","articleSection":["Noticias"],"inLanguage":"es","potentialAction":[{"@type":"CommentAction","name":"Comment","target":["https:\/\/empowermigrantwomen.eu\/es\/segunda-reunion-transnacional-del-proyecto-empowerher-en-granada-puesta-al-dia-y-planificacion-de-las-proximas-tareas#respond"]}]},{"@type":"WebPage","@id":"https:\/\/empowermigrantwomen.eu\/es\/segunda-reunion-transnacional-del-proyecto-empowerher-en-granada-puesta-al-dia-y-planificacion-de-las-proximas-tareas","url":"https:\/\/empowermigrantwomen.eu\/es\/segunda-reunion-transnacional-del-proyecto-empowerher-en-granada-puesta-al-dia-y-planificacion-de-las-proximas-tareas","name":"Segunda reuni\u00f3n transnacional del proyecto EmpowerHer en Granada: puesta al d\u00eda y planificaci\u00f3n de las pr\u00f3ximas tareas - EmpowerHer","isPartOf":{"@id":"https:\/\/empowermigrantwomen.eu\/fr\/#website"},"primaryImageOfPage":{"@id":"https:\/\/empowermigrantwomen.eu\/es\/segunda-reunion-transnacional-del-proyecto-empowerher-en-granada-puesta-al-dia-y-planificacion-de-las-proximas-tareas#primaryimage"},"image":{"@id":"https:\/\/empowermigrantwomen.eu\/es\/segunda-reunion-transnacional-del-proyecto-empowerher-en-granada-puesta-al-dia-y-planificacion-de-las-proximas-tareas#primaryimage"},"thumbnailUrl":"https:\/\/empowermigrantwomen.eu\/wp-content\/uploads\/2025\/11\/IMG_1554-scaled.jpg","datePublished":"2025-11-06T10:37:35+00:00","dateModified":"2026-01-07T11:27:32+00:00","breadcrumb":{"@id":"https:\/\/empowermigrantwomen.eu\/es\/segunda-reunion-transnacional-del-proyecto-empowerher-en-granada-puesta-al-dia-y-planificacion-de-las-proximas-tareas#breadcrumb"},"inLanguage":"es","potentialAction":[{"@type":"ReadAction","target":["https:\/\/empowermigrantwomen.eu\/es\/segunda-reunion-transnacional-del-proyecto-empowerher-en-granada-puesta-al-dia-y-planificacion-de-las-proximas-tareas"]}]},{"@type":"ImageObject","inLanguage":"es","@id":"https:\/\/empowermigrantwomen.eu\/es\/segunda-reunion-transnacional-del-proyecto-empowerher-en-granada-puesta-al-dia-y-planificacion-de-las-proximas-tareas#primaryimage","url":"https:\/\/empowermigrantwomen.eu\/wp-content\/uploads\/2025\/11\/IMG_1554-scaled.jpg","contentUrl":"https:\/\/empowermigrantwomen.eu\/wp-content\/uploads\/2025\/11\/IMG_1554-scaled.jpg","width":2560,"height":1440},{"@type":"BreadcrumbList","@id":"https:\/\/empowermigrantwomen.eu\/es\/segunda-reunion-transnacional-del-proyecto-empowerher-en-granada-puesta-al-dia-y-planificacion-de-las-proximas-tareas#breadcrumb","itemListElement":[{"@type":"ListItem","position":1,"name":"Home","item":"https:\/\/empowermigrantwomen.eu\/es"},{"@type":"ListItem","position":2,"name":"Segunda reuni\u00f3n transnacional del proyecto EmpowerHer en Granada: puesta al d\u00eda y planificaci\u00f3n de las pr\u00f3ximas tareas"}]},{"@type":"WebSite","@id":"https:\/\/empowermigrantwomen.eu\/fr\/#website","url":"https:\/\/empowermigrantwomen.eu\/fr\/","name":"EmpowerHer","description":"","publisher":{"@id":"https:\/\/empowermigrantwomen.eu\/fr\/#organization"},"potentialAction":[{"@type":"SearchAction","target":{"@type":"EntryPoint","urlTemplate":"https:\/\/empowermigrantwomen.eu\/fr\/?s={search_term_string}"},"query-input":{"@type":"PropertyValueSpecification","valueRequired":true,"valueName":"search_term_string"}}],"inLanguage":"es"},{"@type":"Organization","@id":"https:\/\/empowermigrantwomen.eu\/fr\/#organization","name":"EmpowerHer","url":"https:\/\/empowermigrantwomen.eu\/fr\/","logo":{"@type":"ImageObject","inLanguage":"es","@id":"https:\/\/empowermigrantwomen.eu\/fr\/#\/schema\/logo\/image\/","url":"https:\/\/empowermigrantwomen.eu\/wp-content\/uploads\/2025\/04\/EmpowerHer-horizontal-logo.png","contentUrl":"https:\/\/empowermigrantwomen.eu\/wp-content\/uploads\/2025\/04\/EmpowerHer-horizontal-logo.png","width":4096,"height":1543,"caption":"EmpowerHer"},"image":{"@id":"https:\/\/empowermigrantwomen.eu\/fr\/#\/schema\/logo\/image\/"}},{"@type":"Person","@id":"https:\/\/empowermigrantwomen.eu\/fr\/#\/schema\/person\/7f16ce8b22340d8edcafcc9795e6bc29","name":"empowerher","image":{"@type":"ImageObject","inLanguage":"es","@id":"https:\/\/secure.gravatar.com\/avatar\/d72d70e7a7995c01f626e4d1c4ed97de16eb87b8f1cc8814a5c830fd3734c74f?s=96&d=mm&r=g","url":"https:\/\/secure.gravatar.com\/avatar\/d72d70e7a7995c01f626e4d1c4ed97de16eb87b8f1cc8814a5c830fd3734c74f?s=96&d=mm&r=g","contentUrl":"https:\/\/secure.gravatar.com\/avatar\/d72d70e7a7995c01f626e4d1c4ed97de16eb87b8f1cc8814a5c830fd3734c74f?s=96&d=mm&r=g","caption":"empowerher"},"sameAs":["https:\/\/empowermigrantwoman.eu"],"url":"https:\/\/empowermigrantwomen.eu\/es\/author\/empowerher"}]}},"_links":{"self":[{"href":"https:\/\/empowermigrantwomen.eu\/es\/wp-json\/wp\/v2\/posts\/1214","targetHints":{"allow":["GET"]}}],"collection":[{"href":"https:\/\/empowermigrantwomen.eu\/es\/wp-json\/wp\/v2\/posts"}],"about":[{"href":"https:\/\/empowermigrantwomen.eu\/es\/wp-json\/wp\/v2\/types\/post"}],"author":[{"embeddable":true,"href":"https:\/\/empowermigrantwomen.eu\/es\/wp-json\/wp\/v2\/users\/1"}],"replies":[{"embeddable":true,"href":"https:\/\/empowermigrantwomen.eu\/es\/wp-json\/wp\/v2\/comments?post=1214"}],"version-history":[{"count":1,"href":"https:\/\/empowermigrantwomen.eu\/es\/wp-json\/wp\/v2\/posts\/1214\/revisions"}],"predecessor-version":[{"id":1215,"href":"https:\/\/empowermigrantwomen.eu\/es\/wp-json\/wp\/v2\/posts\/1214\/revisions\/1215"}],"wp:featuredmedia":[{"embeddable":true,"href":"https:\/\/empowermigrantwomen.eu\/es\/wp-json\/wp\/v2\/media\/1157"}],"wp:attachment":[{"href":"https:\/\/empowermigrantwomen.eu\/es\/wp-json\/wp\/v2\/media?parent=1214"}],"wp:term":[{"taxonomy":"category","embeddable":true,"href":"https:\/\/empowermigrantwomen.eu\/es\/wp-json\/wp\/v2\/categories?post=1214"},{"taxonomy":"post_tag","embeddable":true,"href":"https:\/\/empowermigrantwomen.eu\/es\/wp-json\/wp\/v2\/tags?post=1214"}],"curies":[{"name":"wp","href":"https:\/\/api.w.org\/{rel}","templated":true}]}}