{"id":1080,"date":"2025-06-03T06:50:53","date_gmt":"2025-06-03T06:50:53","guid":{"rendered":"https:\/\/empowermigrantwomen.eu\/empowerher-liberer-le-potentiel-de-leurope-grace-a-une-integration-inclusive"},"modified":"2025-10-27T11:14:38","modified_gmt":"2025-10-27T11:14:38","slug":"empowerher-liberer-le-potentiel-de-leurope-grace-a-une-integration-inclusive","status":"publish","type":"post","link":"https:\/\/empowermigrantwomen.eu\/fr\/empowerher-liberer-le-potentiel-de-leurope-grace-a-une-integration-inclusive","title":{"rendered":"EmpowerHer : lib\u00e9rer le potentiel de l&rsquo;Europe gr\u00e2ce \u00e0 une int\u00e9gration inclusive"},"content":{"rendered":"\n<p><\/p>\n\n<p><strong>Par Katrin Echtermeyer | Wisamar, Allemagne<\/strong><\/p>\n\n<p>\u00c0 une \u00e9poque de transformations sociales rapides, l&rsquo;appel en faveur de communaut\u00e9s plus inclusives et plus r\u00e9silientes n&rsquo;a jamais \u00e9t\u00e9 aussi fort. Dans toute l&rsquo;Europe, les femmes migrantes restent l&rsquo;un des groupes les plus sous-repr\u00e9sent\u00e9s, mais aussi les plus prometteurs, sur le march\u00e9 du travail. EmpowerHer entend changer cela, non seulement par le renforcement cibl\u00e9 des comp\u00e9tences, mais aussi en cr\u00e9ant un changement structurel dans la mani\u00e8re dont les soci\u00e9t\u00e9s et les march\u00e9s du travail abordent l&rsquo;int\u00e9gration.  <\/p>\n\n<figure class=\"wp-block-image size-large\"><img fetchpriority=\"high\" decoding=\"async\" width=\"1024\" height=\"771\" src=\"https:\/\/empowermigrantwomen.eu\/wp-content\/uploads\/2025\/06\/The-idea-behind-EmpowerHer-01-1024x771.jpg\" alt=\"\" class=\"wp-image-601\" srcset=\"https:\/\/empowermigrantwomen.eu\/wp-content\/uploads\/2025\/06\/The-idea-behind-EmpowerHer-01-1024x771.jpg 1024w, https:\/\/empowermigrantwomen.eu\/wp-content\/uploads\/2025\/06\/The-idea-behind-EmpowerHer-01-300x226.jpg 300w, https:\/\/empowermigrantwomen.eu\/wp-content\/uploads\/2025\/06\/The-idea-behind-EmpowerHer-01-768x578.jpg 768w, https:\/\/empowermigrantwomen.eu\/wp-content\/uploads\/2025\/06\/The-idea-behind-EmpowerHer-01.jpg 1299w\" sizes=\"(max-width: 1024px) 100vw, 1024px\" \/><\/figure>\n\n<h2 class=\"wp-block-heading\">Un d\u00e9fi europ\u00e9en commun<\/h2>\n\n<p>L&rsquo;int\u00e9gration des femmes migrantes n&rsquo;est pas une question nationale, mais une responsabilit\u00e9 europ\u00e9enne commune. Si les donn\u00e9es sp\u00e9cifiques \u00e0 chaque pays, comme les 22,3 millions de r\u00e9sidents d&rsquo;origine immigr\u00e9e en Allemagne, fournissent un contexte, les d\u00e9fis sous-jacents sont les m\u00eames partout : les femmes qualifi\u00e9es sont souvent exclues des emplois int\u00e9ressants en raison d&rsquo;obstacles syst\u00e9miques. <\/p>\n\n<p>Les obstacles linguistiques, la m\u00e9connaissance des syst\u00e8mes sociaux et le manque de soutien cibl\u00e9 conduisent de nombreuses femmes migrantes \u00e0 occuper des emplois pr\u00e9caires, \u00e0 temps partiel ou sous-qualifi\u00e9s. Dans le m\u00eame temps, les march\u00e9s du travail europ\u00e9ens sont confront\u00e9s \u00e0 une grave p\u00e9nurie de comp\u00e9tences : l&rsquo;Allemagne \u00e0 elle seule compte plus d&rsquo;un demi-million de postes vacants. Le d\u00e9calage est \u00e9vident : alors que les femmes qualifi\u00e9es sont d\u00e9sireuses de contribuer, les structures visant \u00e0 soutenir leur inclusion restent fragment\u00e9es.  <\/p>\n\n<h2 class=\"wp-block-heading\">Des lacunes en mati\u00e8re de comp\u00e9tences au changement syst\u00e9mique<\/h2>\n\n<p>Pour rem\u00e9dier \u00e0 cette situation, EmpowerHer rassemble six organisations de cinq pays europ\u00e9ens (Allemagne, Portugal, France, Chypre et Espagne) au sein de l&rsquo;\u00e9quipe du projet. L&rsquo;objectif est de combler ce foss\u00e9 sous plusieurs angles : d\u00e9veloppement des comp\u00e9tences, enseignement inclusif, sensibilisation des employeurs et sensibilisation du public. <\/p>\n\n<p>Plut\u00f4t que d&rsquo;attendre des femmes migrantes qu&rsquo;elles \u00ab rattrapent leur retard \u00bb, le projet promouvra un mod\u00e8le d&rsquo;adaptation mutuelle : renforcer les capacit\u00e9s des \u00e9ducateurs d&rsquo;adultes et des lieux de travail, tout en aidant les femmes \u00e0 d\u00e9velopper leurs comp\u00e9tences et leur confiance en elles. L&rsquo;objectif n&rsquo;est pas seulement de pr\u00e9parer les femmes au march\u00e9 du travail, mais aussi de veiller \u00e0 ce que le march\u00e9 du travail soit pr\u00eat \u00e0 les accueillir. <\/p>\n\n<h2 class=\"wp-block-heading\">Une \u00e9quipe qui incarne la diversit\u00e9<\/h2>\n\n<p>EmpowerHer n&rsquo;est pas seulement un projet europ\u00e9en, il est fa\u00e7onn\u00e9 par une \u00e9quipe qui vit et respire l&rsquo;exp\u00e9rience interculturelle. Bon nombre des professionnels impliqu\u00e9s ont eux-m\u00eames v\u00e9cu, travaill\u00e9 ou \u00e9tudi\u00e9 dans des pays autres que le leur. Cette perspective internationale commune inspire l&rsquo;approche du projet et favorise un engagement profond en faveur de l&#8217;empathie, de l&rsquo;ouverture culturelle et de la collaboration transfrontali\u00e8re.  <\/p>\n\n<p>Travailler au sein d&rsquo;\u00e9quipes multilingues et interculturelles est plus qu&rsquo;une r\u00e9alit\u00e9 pratique, c&rsquo;est une force. Cela permet au projet de d\u00e9velopper des solutions fond\u00e9es sur la sensibilit\u00e9 culturelle et fa\u00e7onn\u00e9es par des r\u00e9alit\u00e9s diverses. Cette diversit\u00e9 interne refl\u00e8te les valeurs d\u00e9fendues par EmpowerHer : respect mutuel, adaptabilit\u00e9 et croissance inclusive.  <\/p>\n\n<figure class=\"wp-block-image size-large\"><img decoding=\"async\" width=\"1024\" height=\"768\" src=\"https:\/\/empowermigrantwomen.eu\/wp-content\/uploads\/2025\/06\/The-idea-behind-EmpowerHer-03-1024x768.jpg\" alt=\"\" class=\"wp-image-603\" srcset=\"https:\/\/empowermigrantwomen.eu\/wp-content\/uploads\/2025\/06\/The-idea-behind-EmpowerHer-03-1024x768.jpg 1024w, https:\/\/empowermigrantwomen.eu\/wp-content\/uploads\/2025\/06\/The-idea-behind-EmpowerHer-03-300x225.jpg 300w, https:\/\/empowermigrantwomen.eu\/wp-content\/uploads\/2025\/06\/The-idea-behind-EmpowerHer-03-768x576.jpg 768w, https:\/\/empowermigrantwomen.eu\/wp-content\/uploads\/2025\/06\/The-idea-behind-EmpowerHer-03.jpg 1299w\" sizes=\"(max-width: 1024px) 100vw, 1024px\" \/><\/figure>\n\n<h2 class=\"wp-block-heading\">Trois piliers d&rsquo;action<\/h2>\n\n<h3 class=\"wp-block-heading\">1. D\u00e9velopper des comp\u00e9tences gr\u00e2ce \u00e0 un apprentissage sur mesure<\/h3>\n\n<p>Chaque femme apporte un ensemble unique d&rsquo;exp\u00e9riences, d&rsquo;objectifs et de points forts. EmpowerHer cr\u00e9era des opportunit\u00e9s d&rsquo;apprentissage flexibles, accessibles et autonomisantes, tant pour les femmes migrantes que pour celles qui les soutiennent. <\/p>\n\n<p>Un \u00e9l\u00e9ment central sera un programme de formation en six modules destin\u00e9 aux \u00e9ducateurs d&rsquo;adultes, con\u00e7u pour renforcer leur capacit\u00e9 \u00e0 enseigner efficacement les comp\u00e9tences non techniques. La formation int\u00e9grera des m\u00e9thodes centr\u00e9es sur l&rsquo;humain et ax\u00e9es sur la pratique, adapt\u00e9es aux besoins des apprenants migrants. Des \u00e9ducateurs des cinq pays partenaires participeront \u00e0 un \u00e9v\u00e9nement de formation transnational afin de tester le programme, et leurs commentaires permettront d&rsquo;\u00e9laborer la version finale du cours.  <\/p>\n\n<p>Les femmes migrantes b\u00e9n\u00e9ficieront elles-m\u00eames de deux outils cl\u00e9s : une version r\u00e9vis\u00e9e du ProfilPASS pour les aider \u00e0 identifier et \u00e0 exprimer leur potentiel (cach\u00e9), et une application web ludique pour soutenir le d\u00e9veloppement des comp\u00e9tences relationnelles de mani\u00e8re interactive et accessible. Ces outils permettront aux femmes de prendre en main leur d\u00e9veloppement personnel et professionnel. <\/p>\n\n<h3 class=\"wp-block-heading\">2. Favoriser la collaboration entre les secteurs<\/h3>\n\n<p>Une v\u00e9ritable inclusion n\u00e9cessite une coop\u00e9ration. C&rsquo;est pourquoi EmpowerHer \u00e9tablira un dialogue entre les femmes migrantes et les principaux acteurs du march\u00e9 du travail. <\/p>\n\n<p>Une bo\u00eete \u00e0 outils compl\u00e8te d&rsquo;int\u00e9gration offrira aux employeurs des ressources et des lignes directrices pour soutenir le recrutement inclusif et l&rsquo;int\u00e9gration sur le lieu de travail. Afin d&rsquo;approfondir cet \u00e9change, le projet organisera 20 \u00e9v\u00e9nements d&rsquo;information \u00e0 travers l&rsquo;Europe, cr\u00e9ant ainsi des espaces o\u00f9 les femmes migrantes pourront rencontrer des employeurs potentiels, s&rsquo;informer sur les opportunit\u00e9s d&#8217;emploi et explorer des parcours professionnels en personne. <\/p>\n\n<h3 class=\"wp-block-heading\">3. Promouvoir l&rsquo;inclusion au-del\u00e0 de l&#8217;emploi<\/h3>\n\n<p>L&rsquo;int\u00e9gration ne se limite pas \u00e0 l&#8217;emploi. Elle concerne \u00e9galement la visibilit\u00e9, la reconnaissance et l&rsquo;appartenance. <\/p>\n\n<p>Une campagne de sensibilisation internationale donnera aux femmes migrantes l&rsquo;occasion de partager leurs histoires, non seulement leurs r\u00e9ussites, mais aussi leurs difficult\u00e9s quotidiennes, les obstacles qu&rsquo;elles rencontrent et leurs espoirs pour l&rsquo;avenir. Ces points de vue seront pr\u00e9sent\u00e9s dans des portraits vid\u00e9o et d&rsquo;autres formats multim\u00e9dias dans tous les pays partenaires, mettant en \u00e9vidence la diversit\u00e9 et l&rsquo;humanit\u00e9 qui se cachent derri\u00e8re les statistiques. <\/p>\n\n<p>La campagne remettra en question les st\u00e9r\u00e9otypes et changera le discours public en pr\u00e9sentant les femmes migrantes comme des agents du changement, et non comme de simples b\u00e9n\u00e9ficiaires d&rsquo;aide.<\/p>\n\n<figure class=\"wp-block-image size-large\"><img decoding=\"async\" width=\"1024\" height=\"732\" src=\"https:\/\/empowermigrantwomen.eu\/wp-content\/uploads\/2025\/06\/The-idea-behind-EmpowerHer-02-1024x732.jpg\" alt=\"\" class=\"wp-image-602\" srcset=\"https:\/\/empowermigrantwomen.eu\/wp-content\/uploads\/2025\/06\/The-idea-behind-EmpowerHer-02-1024x732.jpg 1024w, https:\/\/empowermigrantwomen.eu\/wp-content\/uploads\/2025\/06\/The-idea-behind-EmpowerHer-02-300x214.jpg 300w, https:\/\/empowermigrantwomen.eu\/wp-content\/uploads\/2025\/06\/The-idea-behind-EmpowerHer-02-768x549.jpg 768w, https:\/\/empowermigrantwomen.eu\/wp-content\/uploads\/2025\/06\/The-idea-behind-EmpowerHer-02-1536x1097.jpg 1536w, https:\/\/empowermigrantwomen.eu\/wp-content\/uploads\/2025\/06\/The-idea-behind-EmpowerHer-02.jpg 1600w\" sizes=\"(max-width: 1024px) 100vw, 1024px\" \/><\/figure>\n\n<h2 class=\"wp-block-heading\">Une vision durable<\/h2>\n\n<p>Ce qui distingue EmpowerHer, c&rsquo;est son engagement en faveur d&rsquo;un impact \u00e0 long terme. Le projet n&rsquo;offrira pas de solutions uniformes, mais mettra en place un \u00e9cosyst\u00e8me de soutien bas\u00e9 sur les besoins r\u00e9els, la collaboration et l&rsquo;inclusion. En combinant un apprentissage personnalis\u00e9, des pratiques d&#8217;emploi inclusives et une coop\u00e9ration intersectorielle, EmpowerHer vise \u00e0 contribuer \u00e0 une Europe plus coh\u00e9sive et plus diversifi\u00e9e.  <\/p>\n\n<p>Plut\u00f4t que d&rsquo;offrir des solutions rapides, le projet jettera les bases d&rsquo;un dialogue continu et d&rsquo;un changement concret, nous rapprochant ainsi d&rsquo;une soci\u00e9t\u00e9 o\u00f9 les femmes migrantes peuvent s&rsquo;\u00e9panouir, apporter une contribution significative et s&rsquo;int\u00e9grer pleinement.<\/p>\n","protected":false},"excerpt":{"rendered":"<p>Par Katrin Echtermeyer | Wisamar, Allemagne \u00c0 une \u00e9poque de transformations sociales rapides, l&rsquo;appel en faveur de communaut\u00e9s plus inclusives et plus r\u00e9silientes n&rsquo;a jamais \u00e9t\u00e9 aussi fort. Dans toute l&rsquo;Europe, les femmes migrantes restent l&rsquo;un des groupes les plus sous-repr\u00e9sent\u00e9s, mais aussi les plus prometteurs, sur le march\u00e9 du travail. EmpowerHer entend changer cela, [&hellip;]<\/p>\n","protected":false},"author":1,"featured_media":797,"comment_status":"open","ping_status":"open","sticky":false,"template":"","format":"standard","meta":{"_eb_attr":"","footnotes":""},"categories":[43],"tags":[],"class_list":["post-1080","post","type-post","status-publish","format-standard","has-post-thumbnail","hentry","category-article"],"yoast_head":"<!-- This site is optimized with the Yoast SEO plugin v27.4 - https:\/\/yoast.com\/product\/yoast-seo-wordpress\/ -->\n<title>EmpowerHer : lib\u00e9rer le potentiel de l&#039;Europe gr\u00e2ce \u00e0 une int\u00e9gration inclusive - EmpowerHer<\/title>\n<meta name=\"robots\" content=\"index, follow, max-snippet:-1, max-image-preview:large, max-video-preview:-1\" \/>\n<link rel=\"canonical\" href=\"https:\/\/empowermigrantwomen.eu\/the-idea-behind-empowerher-unlocking-europes-potential-through-inclusive-integration\" \/>\n<meta property=\"og:locale\" content=\"fr_FR\" \/>\n<meta property=\"og:type\" content=\"article\" \/>\n<meta property=\"og:title\" content=\"EmpowerHer : lib\u00e9rer le potentiel de l&#039;Europe gr\u00e2ce \u00e0 une int\u00e9gration inclusive - EmpowerHer\" \/>\n<meta property=\"og:description\" content=\"Par Katrin Echtermeyer | Wisamar, Allemagne \u00c0 une \u00e9poque de transformations sociales rapides, l&rsquo;appel en faveur de communaut\u00e9s plus inclusives et plus r\u00e9silientes n&rsquo;a jamais \u00e9t\u00e9 aussi fort. Dans toute l&rsquo;Europe, les femmes migrantes restent l&rsquo;un des groupes les plus sous-repr\u00e9sent\u00e9s, mais aussi les plus prometteurs, sur le march\u00e9 du travail. EmpowerHer entend changer cela, [&hellip;]\" \/>\n<meta property=\"og:url\" content=\"https:\/\/empowermigrantwomen.eu\/the-idea-behind-empowerher-unlocking-europes-potential-through-inclusive-integration\" \/>\n<meta property=\"og:site_name\" content=\"EmpowerHer\" \/>\n<meta property=\"article:published_time\" content=\"2025-06-03T06:50:53+00:00\" \/>\n<meta property=\"article:modified_time\" content=\"2025-10-27T11:14:38+00:00\" \/>\n<meta property=\"og:image\" content=\"https:\/\/empowermigrantwomen.eu\/wp-content\/uploads\/2025\/06\/The-idea-behind-EmpowerHer-01.jpg\" \/>\n\t<meta property=\"og:image:width\" content=\"1299\" \/>\n\t<meta property=\"og:image:height\" content=\"978\" \/>\n\t<meta property=\"og:image:type\" content=\"image\/jpeg\" \/>\n<meta name=\"author\" content=\"empowerher\" \/>\n<meta name=\"twitter:card\" content=\"summary_large_image\" \/>\n<meta name=\"twitter:label1\" content=\"\u00c9crit par\" \/>\n\t<meta name=\"twitter:data1\" content=\"empowerher\" \/>\n\t<meta name=\"twitter:label2\" content=\"Dur\u00e9e de lecture estim\u00e9e\" \/>\n\t<meta name=\"twitter:data2\" content=\"5 minutes\" \/>\n<script type=\"application\/ld+json\" class=\"yoast-schema-graph\">{\"@context\":\"https:\\\/\\\/schema.org\",\"@graph\":[{\"@type\":\"Article\",\"@id\":\"https:\\\/\\\/empowermigrantwomen.eu\\\/the-idea-behind-empowerher-unlocking-europes-potential-through-inclusive-integration#article\",\"isPartOf\":{\"@id\":\"https:\\\/\\\/empowermigrantwomen.eu\\\/the-idea-behind-empowerher-unlocking-europes-potential-through-inclusive-integration\"},\"author\":{\"name\":\"empowerher\",\"@id\":\"https:\\\/\\\/empowermigrantwomen.eu\\\/fr\\\/#\\\/schema\\\/person\\\/7f16ce8b22340d8edcafcc9795e6bc29\"},\"headline\":\"EmpowerHer : lib\u00e9rer le potentiel de l&rsquo;Europe gr\u00e2ce \u00e0 une int\u00e9gration inclusive\",\"datePublished\":\"2025-06-03T06:50:53+00:00\",\"dateModified\":\"2025-10-27T11:14:38+00:00\",\"mainEntityOfPage\":{\"@id\":\"https:\\\/\\\/empowermigrantwomen.eu\\\/the-idea-behind-empowerher-unlocking-europes-potential-through-inclusive-integration\"},\"wordCount\":1124,\"commentCount\":0,\"publisher\":{\"@id\":\"https:\\\/\\\/empowermigrantwomen.eu\\\/fr\\\/#organization\"},\"image\":{\"@id\":\"https:\\\/\\\/empowermigrantwomen.eu\\\/the-idea-behind-empowerher-unlocking-europes-potential-through-inclusive-integration#primaryimage\"},\"thumbnailUrl\":\"https:\\\/\\\/empowermigrantwomen.eu\\\/wp-content\\\/uploads\\\/2025\\\/06\\\/The-idea-behind-EmpowerHer-01.jpg\",\"articleSection\":[\"Article\"],\"inLanguage\":\"fr-FR\",\"potentialAction\":[{\"@type\":\"CommentAction\",\"name\":\"Comment\",\"target\":[\"https:\\\/\\\/empowermigrantwomen.eu\\\/the-idea-behind-empowerher-unlocking-europes-potential-through-inclusive-integration#respond\"]}]},{\"@type\":\"WebPage\",\"@id\":\"https:\\\/\\\/empowermigrantwomen.eu\\\/the-idea-behind-empowerher-unlocking-europes-potential-through-inclusive-integration\",\"url\":\"https:\\\/\\\/empowermigrantwomen.eu\\\/the-idea-behind-empowerher-unlocking-europes-potential-through-inclusive-integration\",\"name\":\"EmpowerHer : lib\u00e9rer le potentiel de l'Europe gr\u00e2ce \u00e0 une int\u00e9gration inclusive - EmpowerHer\",\"isPartOf\":{\"@id\":\"https:\\\/\\\/empowermigrantwomen.eu\\\/fr\\\/#website\"},\"primaryImageOfPage\":{\"@id\":\"https:\\\/\\\/empowermigrantwomen.eu\\\/the-idea-behind-empowerher-unlocking-europes-potential-through-inclusive-integration#primaryimage\"},\"image\":{\"@id\":\"https:\\\/\\\/empowermigrantwomen.eu\\\/the-idea-behind-empowerher-unlocking-europes-potential-through-inclusive-integration#primaryimage\"},\"thumbnailUrl\":\"https:\\\/\\\/empowermigrantwomen.eu\\\/wp-content\\\/uploads\\\/2025\\\/06\\\/The-idea-behind-EmpowerHer-01.jpg\",\"datePublished\":\"2025-06-03T06:50:53+00:00\",\"dateModified\":\"2025-10-27T11:14:38+00:00\",\"breadcrumb\":{\"@id\":\"https:\\\/\\\/empowermigrantwomen.eu\\\/the-idea-behind-empowerher-unlocking-europes-potential-through-inclusive-integration#breadcrumb\"},\"inLanguage\":\"fr-FR\",\"potentialAction\":[{\"@type\":\"ReadAction\",\"target\":[\"https:\\\/\\\/empowermigrantwomen.eu\\\/the-idea-behind-empowerher-unlocking-europes-potential-through-inclusive-integration\"]}]},{\"@type\":\"ImageObject\",\"inLanguage\":\"fr-FR\",\"@id\":\"https:\\\/\\\/empowermigrantwomen.eu\\\/the-idea-behind-empowerher-unlocking-europes-potential-through-inclusive-integration#primaryimage\",\"url\":\"https:\\\/\\\/empowermigrantwomen.eu\\\/wp-content\\\/uploads\\\/2025\\\/06\\\/The-idea-behind-EmpowerHer-01.jpg\",\"contentUrl\":\"https:\\\/\\\/empowermigrantwomen.eu\\\/wp-content\\\/uploads\\\/2025\\\/06\\\/The-idea-behind-EmpowerHer-01.jpg\",\"width\":1299,\"height\":978},{\"@type\":\"BreadcrumbList\",\"@id\":\"https:\\\/\\\/empowermigrantwomen.eu\\\/the-idea-behind-empowerher-unlocking-europes-potential-through-inclusive-integration#breadcrumb\",\"itemListElement\":[{\"@type\":\"ListItem\",\"position\":1,\"name\":\"Home\",\"item\":\"https:\\\/\\\/empowermigrantwomen.eu\\\/fr\"},{\"@type\":\"ListItem\",\"position\":2,\"name\":\"EmpowerHer : lib\u00e9rer le potentiel de l&#8217;Europe gr\u00e2ce \u00e0 une int\u00e9gration inclusive\"}]},{\"@type\":\"WebSite\",\"@id\":\"https:\\\/\\\/empowermigrantwomen.eu\\\/fr\\\/#website\",\"url\":\"https:\\\/\\\/empowermigrantwomen.eu\\\/fr\\\/\",\"name\":\"EmpowerHer\",\"description\":\"\",\"publisher\":{\"@id\":\"https:\\\/\\\/empowermigrantwomen.eu\\\/fr\\\/#organization\"},\"potentialAction\":[{\"@type\":\"SearchAction\",\"target\":{\"@type\":\"EntryPoint\",\"urlTemplate\":\"https:\\\/\\\/empowermigrantwomen.eu\\\/fr\\\/?s={search_term_string}\"},\"query-input\":{\"@type\":\"PropertyValueSpecification\",\"valueRequired\":true,\"valueName\":\"search_term_string\"}}],\"inLanguage\":\"fr-FR\"},{\"@type\":\"Organization\",\"@id\":\"https:\\\/\\\/empowermigrantwomen.eu\\\/fr\\\/#organization\",\"name\":\"EmpowerHer\",\"url\":\"https:\\\/\\\/empowermigrantwomen.eu\\\/fr\\\/\",\"logo\":{\"@type\":\"ImageObject\",\"inLanguage\":\"fr-FR\",\"@id\":\"https:\\\/\\\/empowermigrantwomen.eu\\\/fr\\\/#\\\/schema\\\/logo\\\/image\\\/\",\"url\":\"https:\\\/\\\/empowermigrantwomen.eu\\\/wp-content\\\/uploads\\\/2025\\\/04\\\/EmpowerHer-horizontal-logo.png\",\"contentUrl\":\"https:\\\/\\\/empowermigrantwomen.eu\\\/wp-content\\\/uploads\\\/2025\\\/04\\\/EmpowerHer-horizontal-logo.png\",\"width\":4096,\"height\":1543,\"caption\":\"EmpowerHer\"},\"image\":{\"@id\":\"https:\\\/\\\/empowermigrantwomen.eu\\\/fr\\\/#\\\/schema\\\/logo\\\/image\\\/\"}},{\"@type\":\"Person\",\"@id\":\"https:\\\/\\\/empowermigrantwomen.eu\\\/fr\\\/#\\\/schema\\\/person\\\/7f16ce8b22340d8edcafcc9795e6bc29\",\"name\":\"empowerher\",\"image\":{\"@type\":\"ImageObject\",\"inLanguage\":\"fr-FR\",\"@id\":\"https:\\\/\\\/secure.gravatar.com\\\/avatar\\\/d72d70e7a7995c01f626e4d1c4ed97de16eb87b8f1cc8814a5c830fd3734c74f?s=96&d=mm&r=g\",\"url\":\"https:\\\/\\\/secure.gravatar.com\\\/avatar\\\/d72d70e7a7995c01f626e4d1c4ed97de16eb87b8f1cc8814a5c830fd3734c74f?s=96&d=mm&r=g\",\"contentUrl\":\"https:\\\/\\\/secure.gravatar.com\\\/avatar\\\/d72d70e7a7995c01f626e4d1c4ed97de16eb87b8f1cc8814a5c830fd3734c74f?s=96&d=mm&r=g\",\"caption\":\"empowerher\"},\"sameAs\":[\"https:\\\/\\\/empowermigrantwoman.eu\"],\"url\":\"https:\\\/\\\/empowermigrantwomen.eu\\\/fr\\\/author\\\/empowerher\"}]}<\/script>\n<!-- \/ Yoast SEO plugin. -->","yoast_head_json":{"title":"EmpowerHer : lib\u00e9rer le potentiel de l'Europe gr\u00e2ce \u00e0 une int\u00e9gration inclusive - EmpowerHer","robots":{"index":"index","follow":"follow","max-snippet":"max-snippet:-1","max-image-preview":"max-image-preview:large","max-video-preview":"max-video-preview:-1"},"canonical":"https:\/\/empowermigrantwomen.eu\/the-idea-behind-empowerher-unlocking-europes-potential-through-inclusive-integration","og_locale":"fr_FR","og_type":"article","og_title":"EmpowerHer : lib\u00e9rer le potentiel de l'Europe gr\u00e2ce \u00e0 une int\u00e9gration inclusive - EmpowerHer","og_description":"Par Katrin Echtermeyer | Wisamar, Allemagne \u00c0 une \u00e9poque de transformations sociales rapides, l&rsquo;appel en faveur de communaut\u00e9s plus inclusives et plus r\u00e9silientes n&rsquo;a jamais \u00e9t\u00e9 aussi fort. Dans toute l&rsquo;Europe, les femmes migrantes restent l&rsquo;un des groupes les plus sous-repr\u00e9sent\u00e9s, mais aussi les plus prometteurs, sur le march\u00e9 du travail. EmpowerHer entend changer cela, [&hellip;]","og_url":"https:\/\/empowermigrantwomen.eu\/the-idea-behind-empowerher-unlocking-europes-potential-through-inclusive-integration","og_site_name":"EmpowerHer","article_published_time":"2025-06-03T06:50:53+00:00","article_modified_time":"2025-10-27T11:14:38+00:00","og_image":[{"width":1299,"height":978,"url":"https:\/\/empowermigrantwomen.eu\/wp-content\/uploads\/2025\/06\/The-idea-behind-EmpowerHer-01.jpg","type":"image\/jpeg"}],"author":"empowerher","twitter_card":"summary_large_image","twitter_misc":{"\u00c9crit par":"empowerher","Dur\u00e9e de lecture estim\u00e9e":"5 minutes"},"schema":{"@context":"https:\/\/schema.org","@graph":[{"@type":"Article","@id":"https:\/\/empowermigrantwomen.eu\/the-idea-behind-empowerher-unlocking-europes-potential-through-inclusive-integration#article","isPartOf":{"@id":"https:\/\/empowermigrantwomen.eu\/the-idea-behind-empowerher-unlocking-europes-potential-through-inclusive-integration"},"author":{"name":"empowerher","@id":"https:\/\/empowermigrantwomen.eu\/fr\/#\/schema\/person\/7f16ce8b22340d8edcafcc9795e6bc29"},"headline":"EmpowerHer : lib\u00e9rer le potentiel de l&rsquo;Europe gr\u00e2ce \u00e0 une int\u00e9gration inclusive","datePublished":"2025-06-03T06:50:53+00:00","dateModified":"2025-10-27T11:14:38+00:00","mainEntityOfPage":{"@id":"https:\/\/empowermigrantwomen.eu\/the-idea-behind-empowerher-unlocking-europes-potential-through-inclusive-integration"},"wordCount":1124,"commentCount":0,"publisher":{"@id":"https:\/\/empowermigrantwomen.eu\/fr\/#organization"},"image":{"@id":"https:\/\/empowermigrantwomen.eu\/the-idea-behind-empowerher-unlocking-europes-potential-through-inclusive-integration#primaryimage"},"thumbnailUrl":"https:\/\/empowermigrantwomen.eu\/wp-content\/uploads\/2025\/06\/The-idea-behind-EmpowerHer-01.jpg","articleSection":["Article"],"inLanguage":"fr-FR","potentialAction":[{"@type":"CommentAction","name":"Comment","target":["https:\/\/empowermigrantwomen.eu\/the-idea-behind-empowerher-unlocking-europes-potential-through-inclusive-integration#respond"]}]},{"@type":"WebPage","@id":"https:\/\/empowermigrantwomen.eu\/the-idea-behind-empowerher-unlocking-europes-potential-through-inclusive-integration","url":"https:\/\/empowermigrantwomen.eu\/the-idea-behind-empowerher-unlocking-europes-potential-through-inclusive-integration","name":"EmpowerHer : lib\u00e9rer le potentiel de l'Europe gr\u00e2ce \u00e0 une int\u00e9gration inclusive - EmpowerHer","isPartOf":{"@id":"https:\/\/empowermigrantwomen.eu\/fr\/#website"},"primaryImageOfPage":{"@id":"https:\/\/empowermigrantwomen.eu\/the-idea-behind-empowerher-unlocking-europes-potential-through-inclusive-integration#primaryimage"},"image":{"@id":"https:\/\/empowermigrantwomen.eu\/the-idea-behind-empowerher-unlocking-europes-potential-through-inclusive-integration#primaryimage"},"thumbnailUrl":"https:\/\/empowermigrantwomen.eu\/wp-content\/uploads\/2025\/06\/The-idea-behind-EmpowerHer-01.jpg","datePublished":"2025-06-03T06:50:53+00:00","dateModified":"2025-10-27T11:14:38+00:00","breadcrumb":{"@id":"https:\/\/empowermigrantwomen.eu\/the-idea-behind-empowerher-unlocking-europes-potential-through-inclusive-integration#breadcrumb"},"inLanguage":"fr-FR","potentialAction":[{"@type":"ReadAction","target":["https:\/\/empowermigrantwomen.eu\/the-idea-behind-empowerher-unlocking-europes-potential-through-inclusive-integration"]}]},{"@type":"ImageObject","inLanguage":"fr-FR","@id":"https:\/\/empowermigrantwomen.eu\/the-idea-behind-empowerher-unlocking-europes-potential-through-inclusive-integration#primaryimage","url":"https:\/\/empowermigrantwomen.eu\/wp-content\/uploads\/2025\/06\/The-idea-behind-EmpowerHer-01.jpg","contentUrl":"https:\/\/empowermigrantwomen.eu\/wp-content\/uploads\/2025\/06\/The-idea-behind-EmpowerHer-01.jpg","width":1299,"height":978},{"@type":"BreadcrumbList","@id":"https:\/\/empowermigrantwomen.eu\/the-idea-behind-empowerher-unlocking-europes-potential-through-inclusive-integration#breadcrumb","itemListElement":[{"@type":"ListItem","position":1,"name":"Home","item":"https:\/\/empowermigrantwomen.eu\/fr"},{"@type":"ListItem","position":2,"name":"EmpowerHer : lib\u00e9rer le potentiel de l&#8217;Europe gr\u00e2ce \u00e0 une int\u00e9gration inclusive"}]},{"@type":"WebSite","@id":"https:\/\/empowermigrantwomen.eu\/fr\/#website","url":"https:\/\/empowermigrantwomen.eu\/fr\/","name":"EmpowerHer","description":"","publisher":{"@id":"https:\/\/empowermigrantwomen.eu\/fr\/#organization"},"potentialAction":[{"@type":"SearchAction","target":{"@type":"EntryPoint","urlTemplate":"https:\/\/empowermigrantwomen.eu\/fr\/?s={search_term_string}"},"query-input":{"@type":"PropertyValueSpecification","valueRequired":true,"valueName":"search_term_string"}}],"inLanguage":"fr-FR"},{"@type":"Organization","@id":"https:\/\/empowermigrantwomen.eu\/fr\/#organization","name":"EmpowerHer","url":"https:\/\/empowermigrantwomen.eu\/fr\/","logo":{"@type":"ImageObject","inLanguage":"fr-FR","@id":"https:\/\/empowermigrantwomen.eu\/fr\/#\/schema\/logo\/image\/","url":"https:\/\/empowermigrantwomen.eu\/wp-content\/uploads\/2025\/04\/EmpowerHer-horizontal-logo.png","contentUrl":"https:\/\/empowermigrantwomen.eu\/wp-content\/uploads\/2025\/04\/EmpowerHer-horizontal-logo.png","width":4096,"height":1543,"caption":"EmpowerHer"},"image":{"@id":"https:\/\/empowermigrantwomen.eu\/fr\/#\/schema\/logo\/image\/"}},{"@type":"Person","@id":"https:\/\/empowermigrantwomen.eu\/fr\/#\/schema\/person\/7f16ce8b22340d8edcafcc9795e6bc29","name":"empowerher","image":{"@type":"ImageObject","inLanguage":"fr-FR","@id":"https:\/\/secure.gravatar.com\/avatar\/d72d70e7a7995c01f626e4d1c4ed97de16eb87b8f1cc8814a5c830fd3734c74f?s=96&d=mm&r=g","url":"https:\/\/secure.gravatar.com\/avatar\/d72d70e7a7995c01f626e4d1c4ed97de16eb87b8f1cc8814a5c830fd3734c74f?s=96&d=mm&r=g","contentUrl":"https:\/\/secure.gravatar.com\/avatar\/d72d70e7a7995c01f626e4d1c4ed97de16eb87b8f1cc8814a5c830fd3734c74f?s=96&d=mm&r=g","caption":"empowerher"},"sameAs":["https:\/\/empowermigrantwoman.eu"],"url":"https:\/\/empowermigrantwomen.eu\/fr\/author\/empowerher"}]}},"_links":{"self":[{"href":"https:\/\/empowermigrantwomen.eu\/fr\/wp-json\/wp\/v2\/posts\/1080","targetHints":{"allow":["GET"]}}],"collection":[{"href":"https:\/\/empowermigrantwomen.eu\/fr\/wp-json\/wp\/v2\/posts"}],"about":[{"href":"https:\/\/empowermigrantwomen.eu\/fr\/wp-json\/wp\/v2\/types\/post"}],"author":[{"embeddable":true,"href":"https:\/\/empowermigrantwomen.eu\/fr\/wp-json\/wp\/v2\/users\/1"}],"replies":[{"embeddable":true,"href":"https:\/\/empowermigrantwomen.eu\/fr\/wp-json\/wp\/v2\/comments?post=1080"}],"version-history":[{"count":1,"href":"https:\/\/empowermigrantwomen.eu\/fr\/wp-json\/wp\/v2\/posts\/1080\/revisions"}],"predecessor-version":[{"id":1081,"href":"https:\/\/empowermigrantwomen.eu\/fr\/wp-json\/wp\/v2\/posts\/1080\/revisions\/1081"}],"wp:featuredmedia":[{"embeddable":true,"href":"https:\/\/empowermigrantwomen.eu\/fr\/wp-json\/wp\/v2\/media\/797"}],"wp:attachment":[{"href":"https:\/\/empowermigrantwomen.eu\/fr\/wp-json\/wp\/v2\/media?parent=1080"}],"wp:term":[{"taxonomy":"category","embeddable":true,"href":"https:\/\/empowermigrantwomen.eu\/fr\/wp-json\/wp\/v2\/categories?post=1080"},{"taxonomy":"post_tag","embeddable":true,"href":"https:\/\/empowermigrantwomen.eu\/fr\/wp-json\/wp\/v2\/tags?post=1080"}],"curies":[{"name":"wp","href":"https:\/\/api.w.org\/{rel}","templated":true}]}}