{"id":1090,"date":"2025-06-12T09:34:51","date_gmt":"2025-06-12T09:34:51","guid":{"rendered":"https:\/\/empowermigrantwomen.eu\/empowerher-a-chypre-former-les-educateurs-a-encourager-lemployabilite-des-femmes-migrantes"},"modified":"2025-10-27T11:26:02","modified_gmt":"2025-10-27T11:26:02","slug":"empowerher-a-chypre-former-les-educateurs-a-encourager-lemployabilite-des-femmes-migrantes","status":"publish","type":"post","link":"https:\/\/empowermigrantwomen.eu\/fr\/empowerher-a-chypre-former-les-educateurs-a-encourager-lemployabilite-des-femmes-migrantes","title":{"rendered":"EmpowerHer \u00e0 Chypre : former les \u00e9ducateurs \u00e0 encourager l&#8217;employabilit\u00e9 des femmes migrantes"},"content":{"rendered":"\n<p>Du 24 au 26 juin 2025, 14 \u00e9ducateurs pour adultes et partenaires du projet venus de France, d&rsquo;Allemagne, du Portugal et d&rsquo;Espagne se r\u00e9uniront \u00e0 Nicosie, \u00e0 Chypre, pour une formation de trois jours dans le cadre du projet EmpowerHer, une initiative europ\u00e9enne qui s&rsquo;engage \u00e0 promouvoir l&rsquo;inclusion sociale et professionnelle des femmes migrantes \u00e0 travers l&rsquo;Europe.<\/p>\n\n<p>Organis\u00e9e par ComCy, partenaire chypriote du projet, chez Eurosuccess Consulting, la formation vise \u00e0 renforcer les capacit\u00e9s des \u00e9ducateurs pour adultes gr\u00e2ce \u00e0 des outils pratiques, des m\u00e9thodologies inclusives et des approches innovantes adapt\u00e9es aux diverses exp\u00e9riences des femmes migrantes.<\/p>\n\n<p>Tout au long de la formation, les participants vont :<\/p>\n\n<ul class=\"wp-block-list\">\n<li>Prendre part au <strong>programme de formation EmpowerHer<\/strong>, d\u00e9velopp\u00e9 pour am\u00e9liorer les comp\u00e9tences des femmes confront\u00e9es \u00e0 des difficult\u00e9s d&rsquo;int\u00e9gration sur le march\u00e9 du travail.<\/li>\n\n\n\n<li>D\u00e9couvrir le <strong>ProfilPASS<\/strong>, un outil d&rsquo;auto-r\u00e9flexion et d&rsquo;\u00e9valuation des comp\u00e9tences qui favorise le d\u00e9veloppement personnel et professionnel, sp\u00e9cialement con\u00e7u pour les parcours des femmes migrantes. <\/li>\n\n\n\n<li>D\u00e9couvrir <strong>l&rsquo;application web EmpowerHer<\/strong>, une plateforme num\u00e9rique interactive proposant des parcours d&rsquo;apprentissage individualis\u00e9s, ludiques et conviviaux.<\/li>\n\n\n\n<li>Collaborer \u00e0 travers le partage d&rsquo;exp\u00e9riences, la co-cr\u00e9ation de plans d&rsquo;action locaux et la conception de strat\u00e9gies transnationales pour un impact sur le terrain.<\/li>\n<\/ul>\n\n<p>L&rsquo;un des moments cl\u00e9s de la rencontre sera une visite sur le terrain \u00e0 <a href=\"https:\/\/www.tochkaceramics.com\/\">Tochka Ceramics<\/a>, l&rsquo;atelier cr\u00e9atif de Tatiana Vasilieva. Originaire de Russie, Tatiana a transform\u00e9 sa passion artistique en une entreprise florissante apr\u00e8s s&rsquo;\u00eatre install\u00e9e \u00e0 Chypre. Son parcours illustre comment la cr\u00e9ativit\u00e9, la d\u00e9termination et les syst\u00e8mes de soutien appropri\u00e9s peuvent autonomiser les femmes migrantes et contribuer de mani\u00e8re significative aux communaut\u00e9s locales.  <\/p>\n\n<p>Cette formation va au-del\u00e0 du renforcement des comp\u00e9tences : elle vise \u00e0 favoriser la cr\u00e9ation d&rsquo;une communaut\u00e9 d&rsquo;\u00e9ducateurs qui encouragent activement le changement inclusif.<\/p>\n\n<p>Stay connected as EmpowerHer continues to evolve and expand across Europe, opening doors and building bridges for migrant women to realise their full potential.\nWe&rsquo;ll be back soon with insights and outcomes from this inspiring training experience! <\/p>\n","protected":false},"excerpt":{"rendered":"<p>Du 24 au 26 juin 2025, 14 \u00e9ducateurs pour adultes et partenaires du projet venus de France, d&rsquo;Allemagne, du Portugal et d&rsquo;Espagne se r\u00e9uniront \u00e0 Nicosie, \u00e0 Chypre, pour une formation de trois jours dans le cadre du projet EmpowerHer, une initiative europ\u00e9enne qui s&rsquo;engage \u00e0 promouvoir l&rsquo;inclusion sociale et professionnelle des femmes migrantes \u00e0 [&hellip;]<\/p>\n","protected":false},"author":1,"featured_media":812,"comment_status":"open","ping_status":"open","sticky":false,"template":"","format":"standard","meta":{"_eb_attr":"","footnotes":""},"categories":[48],"tags":[],"class_list":["post-1090","post","type-post","status-publish","format-standard","has-post-thumbnail","hentry","category-actualites"],"yoast_head":"<!-- This site is optimized with the Yoast SEO plugin v27.4 - https:\/\/yoast.com\/product\/yoast-seo-wordpress\/ -->\n<title>EmpowerHer \u00e0 Chypre : former les \u00e9ducateurs \u00e0 encourager l&#039;employabilit\u00e9 des femmes migrantes - EmpowerHer<\/title>\n<meta name=\"robots\" content=\"index, follow, max-snippet:-1, max-image-preview:large, max-video-preview:-1\" \/>\n<link rel=\"canonical\" href=\"https:\/\/empowermigrantwomen.eu\/fr\/empowerher-a-chypre-former-les-educateurs-a-encourager-lemployabilite-des-femmes-migrantes\" \/>\n<meta property=\"og:locale\" content=\"fr_FR\" \/>\n<meta property=\"og:type\" content=\"article\" \/>\n<meta property=\"og:title\" content=\"EmpowerHer \u00e0 Chypre : former les \u00e9ducateurs \u00e0 encourager l&#039;employabilit\u00e9 des femmes migrantes - EmpowerHer\" \/>\n<meta property=\"og:description\" content=\"Du 24 au 26 juin 2025, 14 \u00e9ducateurs pour adultes et partenaires du projet venus de France, d&rsquo;Allemagne, du Portugal et d&rsquo;Espagne se r\u00e9uniront \u00e0 Nicosie, \u00e0 Chypre, pour une formation de trois jours dans le cadre du projet EmpowerHer, une initiative europ\u00e9enne qui s&rsquo;engage \u00e0 promouvoir l&rsquo;inclusion sociale et professionnelle des femmes migrantes \u00e0 [&hellip;]\" \/>\n<meta property=\"og:url\" content=\"https:\/\/empowermigrantwomen.eu\/fr\/empowerher-a-chypre-former-les-educateurs-a-encourager-lemployabilite-des-femmes-migrantes\" \/>\n<meta property=\"og:site_name\" content=\"EmpowerHer\" \/>\n<meta property=\"article:published_time\" content=\"2025-06-12T09:34:51+00:00\" \/>\n<meta property=\"article:modified_time\" content=\"2025-10-27T11:26:02+00:00\" \/>\n<meta property=\"og:image\" content=\"https:\/\/empowermigrantwomen.eu\/wp-content\/uploads\/2025\/06\/Articulo-LTTA-1024x683.png\" \/>\n\t<meta property=\"og:image:width\" content=\"1024\" \/>\n\t<meta property=\"og:image:height\" content=\"683\" \/>\n\t<meta property=\"og:image:type\" content=\"image\/png\" \/>\n<meta name=\"author\" content=\"empowerher\" \/>\n<meta name=\"twitter:card\" content=\"summary_large_image\" \/>\n<meta name=\"twitter:label1\" content=\"\u00c9crit par\" \/>\n\t<meta name=\"twitter:data1\" content=\"empowerher\" \/>\n\t<meta name=\"twitter:label2\" content=\"Dur\u00e9e de lecture estim\u00e9e\" \/>\n\t<meta name=\"twitter:data2\" content=\"2 minutes\" \/>\n<script type=\"application\/ld+json\" class=\"yoast-schema-graph\">{\"@context\":\"https:\\\/\\\/schema.org\",\"@graph\":[{\"@type\":\"Article\",\"@id\":\"https:\\\/\\\/empowermigrantwomen.eu\\\/fr\\\/empowerher-a-chypre-former-les-educateurs-a-encourager-lemployabilite-des-femmes-migrantes#article\",\"isPartOf\":{\"@id\":\"https:\\\/\\\/empowermigrantwomen.eu\\\/fr\\\/empowerher-a-chypre-former-les-educateurs-a-encourager-lemployabilite-des-femmes-migrantes\"},\"author\":{\"name\":\"empowerher\",\"@id\":\"https:\\\/\\\/empowermigrantwomen.eu\\\/fr\\\/#\\\/schema\\\/person\\\/7f16ce8b22340d8edcafcc9795e6bc29\"},\"headline\":\"EmpowerHer \u00e0 Chypre : former les \u00e9ducateurs \u00e0 encourager l&#8217;employabilit\u00e9 des femmes migrantes\",\"datePublished\":\"2025-06-12T09:34:51+00:00\",\"dateModified\":\"2025-10-27T11:26:02+00:00\",\"mainEntityOfPage\":{\"@id\":\"https:\\\/\\\/empowermigrantwomen.eu\\\/fr\\\/empowerher-a-chypre-former-les-educateurs-a-encourager-lemployabilite-des-femmes-migrantes\"},\"wordCount\":373,\"commentCount\":0,\"publisher\":{\"@id\":\"https:\\\/\\\/empowermigrantwomen.eu\\\/fr\\\/#organization\"},\"image\":{\"@id\":\"https:\\\/\\\/empowermigrantwomen.eu\\\/fr\\\/empowerher-a-chypre-former-les-educateurs-a-encourager-lemployabilite-des-femmes-migrantes#primaryimage\"},\"thumbnailUrl\":\"https:\\\/\\\/empowermigrantwomen.eu\\\/wp-content\\\/uploads\\\/2025\\\/06\\\/Articulo-LTTA.png\",\"articleSection\":[\"Actualit\u00e9s\"],\"inLanguage\":\"fr-FR\",\"potentialAction\":[{\"@type\":\"CommentAction\",\"name\":\"Comment\",\"target\":[\"https:\\\/\\\/empowermigrantwomen.eu\\\/fr\\\/empowerher-a-chypre-former-les-educateurs-a-encourager-lemployabilite-des-femmes-migrantes#respond\"]}]},{\"@type\":\"WebPage\",\"@id\":\"https:\\\/\\\/empowermigrantwomen.eu\\\/fr\\\/empowerher-a-chypre-former-les-educateurs-a-encourager-lemployabilite-des-femmes-migrantes\",\"url\":\"https:\\\/\\\/empowermigrantwomen.eu\\\/fr\\\/empowerher-a-chypre-former-les-educateurs-a-encourager-lemployabilite-des-femmes-migrantes\",\"name\":\"EmpowerHer \u00e0 Chypre : former les \u00e9ducateurs \u00e0 encourager l'employabilit\u00e9 des femmes migrantes - EmpowerHer\",\"isPartOf\":{\"@id\":\"https:\\\/\\\/empowermigrantwomen.eu\\\/fr\\\/#website\"},\"primaryImageOfPage\":{\"@id\":\"https:\\\/\\\/empowermigrantwomen.eu\\\/fr\\\/empowerher-a-chypre-former-les-educateurs-a-encourager-lemployabilite-des-femmes-migrantes#primaryimage\"},\"image\":{\"@id\":\"https:\\\/\\\/empowermigrantwomen.eu\\\/fr\\\/empowerher-a-chypre-former-les-educateurs-a-encourager-lemployabilite-des-femmes-migrantes#primaryimage\"},\"thumbnailUrl\":\"https:\\\/\\\/empowermigrantwomen.eu\\\/wp-content\\\/uploads\\\/2025\\\/06\\\/Articulo-LTTA.png\",\"datePublished\":\"2025-06-12T09:34:51+00:00\",\"dateModified\":\"2025-10-27T11:26:02+00:00\",\"breadcrumb\":{\"@id\":\"https:\\\/\\\/empowermigrantwomen.eu\\\/fr\\\/empowerher-a-chypre-former-les-educateurs-a-encourager-lemployabilite-des-femmes-migrantes#breadcrumb\"},\"inLanguage\":\"fr-FR\",\"potentialAction\":[{\"@type\":\"ReadAction\",\"target\":[\"https:\\\/\\\/empowermigrantwomen.eu\\\/fr\\\/empowerher-a-chypre-former-les-educateurs-a-encourager-lemployabilite-des-femmes-migrantes\"]}]},{\"@type\":\"ImageObject\",\"inLanguage\":\"fr-FR\",\"@id\":\"https:\\\/\\\/empowermigrantwomen.eu\\\/fr\\\/empowerher-a-chypre-former-les-educateurs-a-encourager-lemployabilite-des-femmes-migrantes#primaryimage\",\"url\":\"https:\\\/\\\/empowermigrantwomen.eu\\\/wp-content\\\/uploads\\\/2025\\\/06\\\/Articulo-LTTA.png\",\"contentUrl\":\"https:\\\/\\\/empowermigrantwomen.eu\\\/wp-content\\\/uploads\\\/2025\\\/06\\\/Articulo-LTTA.png\",\"width\":2400,\"height\":1600},{\"@type\":\"BreadcrumbList\",\"@id\":\"https:\\\/\\\/empowermigrantwomen.eu\\\/fr\\\/empowerher-a-chypre-former-les-educateurs-a-encourager-lemployabilite-des-femmes-migrantes#breadcrumb\",\"itemListElement\":[{\"@type\":\"ListItem\",\"position\":1,\"name\":\"Home\",\"item\":\"https:\\\/\\\/empowermigrantwomen.eu\\\/fr\"},{\"@type\":\"ListItem\",\"position\":2,\"name\":\"EmpowerHer \u00e0 Chypre : former les \u00e9ducateurs \u00e0 encourager l&#8217;employabilit\u00e9 des femmes migrantes\"}]},{\"@type\":\"WebSite\",\"@id\":\"https:\\\/\\\/empowermigrantwomen.eu\\\/fr\\\/#website\",\"url\":\"https:\\\/\\\/empowermigrantwomen.eu\\\/fr\\\/\",\"name\":\"EmpowerHer\",\"description\":\"\",\"publisher\":{\"@id\":\"https:\\\/\\\/empowermigrantwomen.eu\\\/fr\\\/#organization\"},\"potentialAction\":[{\"@type\":\"SearchAction\",\"target\":{\"@type\":\"EntryPoint\",\"urlTemplate\":\"https:\\\/\\\/empowermigrantwomen.eu\\\/fr\\\/?s={search_term_string}\"},\"query-input\":{\"@type\":\"PropertyValueSpecification\",\"valueRequired\":true,\"valueName\":\"search_term_string\"}}],\"inLanguage\":\"fr-FR\"},{\"@type\":\"Organization\",\"@id\":\"https:\\\/\\\/empowermigrantwomen.eu\\\/fr\\\/#organization\",\"name\":\"EmpowerHer\",\"url\":\"https:\\\/\\\/empowermigrantwomen.eu\\\/fr\\\/\",\"logo\":{\"@type\":\"ImageObject\",\"inLanguage\":\"fr-FR\",\"@id\":\"https:\\\/\\\/empowermigrantwomen.eu\\\/fr\\\/#\\\/schema\\\/logo\\\/image\\\/\",\"url\":\"https:\\\/\\\/empowermigrantwomen.eu\\\/wp-content\\\/uploads\\\/2025\\\/04\\\/EmpowerHer-horizontal-logo.png\",\"contentUrl\":\"https:\\\/\\\/empowermigrantwomen.eu\\\/wp-content\\\/uploads\\\/2025\\\/04\\\/EmpowerHer-horizontal-logo.png\",\"width\":4096,\"height\":1543,\"caption\":\"EmpowerHer\"},\"image\":{\"@id\":\"https:\\\/\\\/empowermigrantwomen.eu\\\/fr\\\/#\\\/schema\\\/logo\\\/image\\\/\"}},{\"@type\":\"Person\",\"@id\":\"https:\\\/\\\/empowermigrantwomen.eu\\\/fr\\\/#\\\/schema\\\/person\\\/7f16ce8b22340d8edcafcc9795e6bc29\",\"name\":\"empowerher\",\"image\":{\"@type\":\"ImageObject\",\"inLanguage\":\"fr-FR\",\"@id\":\"https:\\\/\\\/secure.gravatar.com\\\/avatar\\\/d72d70e7a7995c01f626e4d1c4ed97de16eb87b8f1cc8814a5c830fd3734c74f?s=96&d=mm&r=g\",\"url\":\"https:\\\/\\\/secure.gravatar.com\\\/avatar\\\/d72d70e7a7995c01f626e4d1c4ed97de16eb87b8f1cc8814a5c830fd3734c74f?s=96&d=mm&r=g\",\"contentUrl\":\"https:\\\/\\\/secure.gravatar.com\\\/avatar\\\/d72d70e7a7995c01f626e4d1c4ed97de16eb87b8f1cc8814a5c830fd3734c74f?s=96&d=mm&r=g\",\"caption\":\"empowerher\"},\"sameAs\":[\"https:\\\/\\\/empowermigrantwoman.eu\"],\"url\":\"https:\\\/\\\/empowermigrantwomen.eu\\\/fr\\\/author\\\/empowerher\"}]}<\/script>\n<!-- \/ Yoast SEO plugin. -->","yoast_head_json":{"title":"EmpowerHer \u00e0 Chypre : former les \u00e9ducateurs \u00e0 encourager l'employabilit\u00e9 des femmes migrantes - EmpowerHer","robots":{"index":"index","follow":"follow","max-snippet":"max-snippet:-1","max-image-preview":"max-image-preview:large","max-video-preview":"max-video-preview:-1"},"canonical":"https:\/\/empowermigrantwomen.eu\/fr\/empowerher-a-chypre-former-les-educateurs-a-encourager-lemployabilite-des-femmes-migrantes","og_locale":"fr_FR","og_type":"article","og_title":"EmpowerHer \u00e0 Chypre : former les \u00e9ducateurs \u00e0 encourager l'employabilit\u00e9 des femmes migrantes - EmpowerHer","og_description":"Du 24 au 26 juin 2025, 14 \u00e9ducateurs pour adultes et partenaires du projet venus de France, d&rsquo;Allemagne, du Portugal et d&rsquo;Espagne se r\u00e9uniront \u00e0 Nicosie, \u00e0 Chypre, pour une formation de trois jours dans le cadre du projet EmpowerHer, une initiative europ\u00e9enne qui s&rsquo;engage \u00e0 promouvoir l&rsquo;inclusion sociale et professionnelle des femmes migrantes \u00e0 [&hellip;]","og_url":"https:\/\/empowermigrantwomen.eu\/fr\/empowerher-a-chypre-former-les-educateurs-a-encourager-lemployabilite-des-femmes-migrantes","og_site_name":"EmpowerHer","article_published_time":"2025-06-12T09:34:51+00:00","article_modified_time":"2025-10-27T11:26:02+00:00","og_image":[{"width":1024,"height":683,"url":"https:\/\/empowermigrantwomen.eu\/wp-content\/uploads\/2025\/06\/Articulo-LTTA-1024x683.png","type":"image\/png"}],"author":"empowerher","twitter_card":"summary_large_image","twitter_misc":{"\u00c9crit par":"empowerher","Dur\u00e9e de lecture estim\u00e9e":"2 minutes"},"schema":{"@context":"https:\/\/schema.org","@graph":[{"@type":"Article","@id":"https:\/\/empowermigrantwomen.eu\/fr\/empowerher-a-chypre-former-les-educateurs-a-encourager-lemployabilite-des-femmes-migrantes#article","isPartOf":{"@id":"https:\/\/empowermigrantwomen.eu\/fr\/empowerher-a-chypre-former-les-educateurs-a-encourager-lemployabilite-des-femmes-migrantes"},"author":{"name":"empowerher","@id":"https:\/\/empowermigrantwomen.eu\/fr\/#\/schema\/person\/7f16ce8b22340d8edcafcc9795e6bc29"},"headline":"EmpowerHer \u00e0 Chypre : former les \u00e9ducateurs \u00e0 encourager l&#8217;employabilit\u00e9 des femmes migrantes","datePublished":"2025-06-12T09:34:51+00:00","dateModified":"2025-10-27T11:26:02+00:00","mainEntityOfPage":{"@id":"https:\/\/empowermigrantwomen.eu\/fr\/empowerher-a-chypre-former-les-educateurs-a-encourager-lemployabilite-des-femmes-migrantes"},"wordCount":373,"commentCount":0,"publisher":{"@id":"https:\/\/empowermigrantwomen.eu\/fr\/#organization"},"image":{"@id":"https:\/\/empowermigrantwomen.eu\/fr\/empowerher-a-chypre-former-les-educateurs-a-encourager-lemployabilite-des-femmes-migrantes#primaryimage"},"thumbnailUrl":"https:\/\/empowermigrantwomen.eu\/wp-content\/uploads\/2025\/06\/Articulo-LTTA.png","articleSection":["Actualit\u00e9s"],"inLanguage":"fr-FR","potentialAction":[{"@type":"CommentAction","name":"Comment","target":["https:\/\/empowermigrantwomen.eu\/fr\/empowerher-a-chypre-former-les-educateurs-a-encourager-lemployabilite-des-femmes-migrantes#respond"]}]},{"@type":"WebPage","@id":"https:\/\/empowermigrantwomen.eu\/fr\/empowerher-a-chypre-former-les-educateurs-a-encourager-lemployabilite-des-femmes-migrantes","url":"https:\/\/empowermigrantwomen.eu\/fr\/empowerher-a-chypre-former-les-educateurs-a-encourager-lemployabilite-des-femmes-migrantes","name":"EmpowerHer \u00e0 Chypre : former les \u00e9ducateurs \u00e0 encourager l'employabilit\u00e9 des femmes migrantes - EmpowerHer","isPartOf":{"@id":"https:\/\/empowermigrantwomen.eu\/fr\/#website"},"primaryImageOfPage":{"@id":"https:\/\/empowermigrantwomen.eu\/fr\/empowerher-a-chypre-former-les-educateurs-a-encourager-lemployabilite-des-femmes-migrantes#primaryimage"},"image":{"@id":"https:\/\/empowermigrantwomen.eu\/fr\/empowerher-a-chypre-former-les-educateurs-a-encourager-lemployabilite-des-femmes-migrantes#primaryimage"},"thumbnailUrl":"https:\/\/empowermigrantwomen.eu\/wp-content\/uploads\/2025\/06\/Articulo-LTTA.png","datePublished":"2025-06-12T09:34:51+00:00","dateModified":"2025-10-27T11:26:02+00:00","breadcrumb":{"@id":"https:\/\/empowermigrantwomen.eu\/fr\/empowerher-a-chypre-former-les-educateurs-a-encourager-lemployabilite-des-femmes-migrantes#breadcrumb"},"inLanguage":"fr-FR","potentialAction":[{"@type":"ReadAction","target":["https:\/\/empowermigrantwomen.eu\/fr\/empowerher-a-chypre-former-les-educateurs-a-encourager-lemployabilite-des-femmes-migrantes"]}]},{"@type":"ImageObject","inLanguage":"fr-FR","@id":"https:\/\/empowermigrantwomen.eu\/fr\/empowerher-a-chypre-former-les-educateurs-a-encourager-lemployabilite-des-femmes-migrantes#primaryimage","url":"https:\/\/empowermigrantwomen.eu\/wp-content\/uploads\/2025\/06\/Articulo-LTTA.png","contentUrl":"https:\/\/empowermigrantwomen.eu\/wp-content\/uploads\/2025\/06\/Articulo-LTTA.png","width":2400,"height":1600},{"@type":"BreadcrumbList","@id":"https:\/\/empowermigrantwomen.eu\/fr\/empowerher-a-chypre-former-les-educateurs-a-encourager-lemployabilite-des-femmes-migrantes#breadcrumb","itemListElement":[{"@type":"ListItem","position":1,"name":"Home","item":"https:\/\/empowermigrantwomen.eu\/fr"},{"@type":"ListItem","position":2,"name":"EmpowerHer \u00e0 Chypre : former les \u00e9ducateurs \u00e0 encourager l&#8217;employabilit\u00e9 des femmes migrantes"}]},{"@type":"WebSite","@id":"https:\/\/empowermigrantwomen.eu\/fr\/#website","url":"https:\/\/empowermigrantwomen.eu\/fr\/","name":"EmpowerHer","description":"","publisher":{"@id":"https:\/\/empowermigrantwomen.eu\/fr\/#organization"},"potentialAction":[{"@type":"SearchAction","target":{"@type":"EntryPoint","urlTemplate":"https:\/\/empowermigrantwomen.eu\/fr\/?s={search_term_string}"},"query-input":{"@type":"PropertyValueSpecification","valueRequired":true,"valueName":"search_term_string"}}],"inLanguage":"fr-FR"},{"@type":"Organization","@id":"https:\/\/empowermigrantwomen.eu\/fr\/#organization","name":"EmpowerHer","url":"https:\/\/empowermigrantwomen.eu\/fr\/","logo":{"@type":"ImageObject","inLanguage":"fr-FR","@id":"https:\/\/empowermigrantwomen.eu\/fr\/#\/schema\/logo\/image\/","url":"https:\/\/empowermigrantwomen.eu\/wp-content\/uploads\/2025\/04\/EmpowerHer-horizontal-logo.png","contentUrl":"https:\/\/empowermigrantwomen.eu\/wp-content\/uploads\/2025\/04\/EmpowerHer-horizontal-logo.png","width":4096,"height":1543,"caption":"EmpowerHer"},"image":{"@id":"https:\/\/empowermigrantwomen.eu\/fr\/#\/schema\/logo\/image\/"}},{"@type":"Person","@id":"https:\/\/empowermigrantwomen.eu\/fr\/#\/schema\/person\/7f16ce8b22340d8edcafcc9795e6bc29","name":"empowerher","image":{"@type":"ImageObject","inLanguage":"fr-FR","@id":"https:\/\/secure.gravatar.com\/avatar\/d72d70e7a7995c01f626e4d1c4ed97de16eb87b8f1cc8814a5c830fd3734c74f?s=96&d=mm&r=g","url":"https:\/\/secure.gravatar.com\/avatar\/d72d70e7a7995c01f626e4d1c4ed97de16eb87b8f1cc8814a5c830fd3734c74f?s=96&d=mm&r=g","contentUrl":"https:\/\/secure.gravatar.com\/avatar\/d72d70e7a7995c01f626e4d1c4ed97de16eb87b8f1cc8814a5c830fd3734c74f?s=96&d=mm&r=g","caption":"empowerher"},"sameAs":["https:\/\/empowermigrantwoman.eu"],"url":"https:\/\/empowermigrantwomen.eu\/fr\/author\/empowerher"}]}},"_links":{"self":[{"href":"https:\/\/empowermigrantwomen.eu\/fr\/wp-json\/wp\/v2\/posts\/1090","targetHints":{"allow":["GET"]}}],"collection":[{"href":"https:\/\/empowermigrantwomen.eu\/fr\/wp-json\/wp\/v2\/posts"}],"about":[{"href":"https:\/\/empowermigrantwomen.eu\/fr\/wp-json\/wp\/v2\/types\/post"}],"author":[{"embeddable":true,"href":"https:\/\/empowermigrantwomen.eu\/fr\/wp-json\/wp\/v2\/users\/1"}],"replies":[{"embeddable":true,"href":"https:\/\/empowermigrantwomen.eu\/fr\/wp-json\/wp\/v2\/comments?post=1090"}],"version-history":[{"count":1,"href":"https:\/\/empowermigrantwomen.eu\/fr\/wp-json\/wp\/v2\/posts\/1090\/revisions"}],"predecessor-version":[{"id":1091,"href":"https:\/\/empowermigrantwomen.eu\/fr\/wp-json\/wp\/v2\/posts\/1090\/revisions\/1091"}],"wp:featuredmedia":[{"embeddable":true,"href":"https:\/\/empowermigrantwomen.eu\/fr\/wp-json\/wp\/v2\/media\/812"}],"wp:attachment":[{"href":"https:\/\/empowermigrantwomen.eu\/fr\/wp-json\/wp\/v2\/media?parent=1090"}],"wp:term":[{"taxonomy":"category","embeddable":true,"href":"https:\/\/empowermigrantwomen.eu\/fr\/wp-json\/wp\/v2\/categories?post=1090"},{"taxonomy":"post_tag","embeddable":true,"href":"https:\/\/empowermigrantwomen.eu\/fr\/wp-json\/wp\/v2\/tags?post=1090"}],"curies":[{"name":"wp","href":"https:\/\/api.w.org\/{rel}","templated":true}]}}