{"id":1140,"date":"2025-09-24T07:10:21","date_gmt":"2025-09-24T07:10:21","guid":{"rendered":"https:\/\/empowermigrantwomen.eu\/donner-aux-femmes-refugiees-les-moyens-de-sepanouir-sur-le-marche-du-travail-une-voie-vers-linclusion-et-la-prosperite"},"modified":"2025-10-27T14:51:44","modified_gmt":"2025-10-27T14:51:44","slug":"donner-aux-femmes-refugiees-les-moyens-de-sepanouir-sur-le-marche-du-travail-une-voie-vers-linclusion-et-la-prosperite","status":"publish","type":"post","link":"https:\/\/empowermigrantwomen.eu\/fr\/donner-aux-femmes-refugiees-les-moyens-de-sepanouir-sur-le-marche-du-travail-une-voie-vers-linclusion-et-la-prosperite","title":{"rendered":"Donner aux femmes r\u00e9fugi\u00e9es les moyens de s&rsquo;\u00e9panouir sur le march\u00e9 du travail : une voie vers l&rsquo;inclusion et la prosp\u00e9rit\u00e9"},"content":{"rendered":"\n<p><strong>Par Stefania Tudorache | APIDI, Portugal<\/strong><\/p>\n\n<p>Les femmes migrantes en Europe sont confront\u00e9es \u00e0 un \u00ab double d\u00e9savantage \u00bb sur le march\u00e9 du travail, combinant les d\u00e9fis li\u00e9s au d\u00e9placement et \u00e0 l&rsquo;in\u00e9galit\u00e9 entre les sexes profond\u00e9ment enracin\u00e9e. Une \u00e9tude a r\u00e9v\u00e9l\u00e9 que seulement 13 % des femmes r\u00e9fugi\u00e9es r\u00e9cemment arriv\u00e9es en Allemagne avaient un emploi en 2017, un \u00e9cart frappant par rapport aux 74 % des femmes allemandes de souche. Il est essentiel de combler cet \u00e9cart, non seulement pour les femmes elles-m\u00eames, mais aussi pour les \u00e9conomies confront\u00e9es \u00e0 une p\u00e9nurie de main-d&rsquo;\u0153uvre. L&rsquo;Union europ\u00e9enne en a fait une priorit\u00e9 : le <em>plan d&rsquo;action 2021-2027 pour l&rsquo;int\u00e9gration et l&rsquo;inclusion invite les \u00c9tats membres<\/em> \u00e0 traiter les besoins des femmes (en particulier celles qui ont des enfants) \u00ab en priorit\u00e9 \u00bb lorsqu&rsquo;ils con\u00e7oivent l&rsquo;acc\u00e8s \u00e0 l&rsquo;\u00e9ducation, \u00e0 la garde d&rsquo;enfants et au march\u00e9 du travail. Des fonds europ\u00e9ens tels que le Fonds <em><a href=\"https:\/\/home-affairs.ec.europa.eu\/funding\/asylum-migration-and-integration-funds\/asylum-migration-and-integration-fund-2021-2027_en\">Asile, Migration et Int\u00e9gration<\/a><\/em> (FAMI) et des programmes tels qu&rsquo;<a href=\"https:\/\/erasmus-plus.ec.europa.eu\/\">Erasmus+<\/a> soutiennent sp\u00e9cifiquement la formation, les cours de langue et les programmes de mentorat pour les femmes r\u00e9fugi\u00e9es et migrantes.    <\/p>\n\n<figure class=\"wp-block-image aligncenter size-large\"><img fetchpriority=\"high\" decoding=\"async\" width=\"1024\" height=\"682\" src=\"https:\/\/empowermigrantwomen.eu\/wp-content\/uploads\/2025\/09\/image2-1024x682.png\" alt=\"\" class=\"wp-image-1040\" srcset=\"https:\/\/empowermigrantwomen.eu\/wp-content\/uploads\/2025\/09\/image2-1024x682.png 1024w, https:\/\/empowermigrantwomen.eu\/wp-content\/uploads\/2025\/09\/image2-300x200.png 300w, https:\/\/empowermigrantwomen.eu\/wp-content\/uploads\/2025\/09\/image2-768x511.png 768w, https:\/\/empowermigrantwomen.eu\/wp-content\/uploads\/2025\/09\/image2.png 1080w\" sizes=\"(max-width: 1024px) 100vw, 1024px\" \/><\/figure>\n\n<h2 class=\"wp-block-heading\">Politique et financement dans la pratique<\/h2>\n\n<p>La strat\u00e9gie d&rsquo;int\u00e9gration de la Commission europ\u00e9enne souligne que \u00ab le soutien \u00e0 l&rsquo;entrepreneuriat, notamment par l&rsquo;acc\u00e8s aux programmes de microcr\u00e9dit existants, est un moyen essentiel \u00bb d&rsquo;aider les ressortissants de pays tiers \u00e0 contribuer \u00e0 l&rsquo;\u00e9conomie. Dans la pratique, cela signifie financer des projets qui proposent des formations sur mesure. Par exemple, le projet <em>\u00ab\u00a0Empowering refugee women for success in hospitality careers\u00a0\u00bb<\/em>, financ\u00e9 par Erasmus+, propose des cours de langue sp\u00e9cifiques \u00e0 certaines professions et des formations professionnelles aux femmes r\u00e9fugi\u00e9es ou migrantes peu qualifi\u00e9es qui souhaitent faire carri\u00e8re dans l&rsquo;h\u00f4tellerie, afin de lever les obstacles \u00e0 l&#8217;emploi dans ce secteur. De m\u00eame, les orientations de l&rsquo;UE sur les personnes d\u00e9plac\u00e9es exhortent explicitement les \u00c9tats membres \u00e0 \u00ab r\u00e9pondre aux besoins des femmes avec enfants \u00bb afin de les aider \u00e0 saisir les opportunit\u00e9s d&#8217;emploi. Les r\u00e9cents appels \u00e0 projets du FAMI ont cibl\u00e9 des projets destin\u00e9s aux femmes migrantes, soutenant le conseil en mati\u00e8re d&#8217;emploi, la formation linguistique, le perfectionnement des comp\u00e9tences et le mentorat sp\u00e9cifiquement destin\u00e9s aux femmes.    <\/p>\n\n<h2 class=\"wp-block-heading\">Exemples de programmes efficaces<\/h2>\n\n<p>De nombreux projets soutenus par l&rsquo;UE montrent comment la formation et le soutien peuvent faire la diff\u00e9rence. En Gr\u00e8ce, par exemple, le <a href=\"https:\/\/www.ride-project.eu\/\">projet RIDE<\/a> (financ\u00e9 par le FAMI) a propos\u00e9 une <em>formation hybride d&rsquo;assistante virtuelle<\/em> aux femmes r\u00e9fugi\u00e9es et migrantes. Il a explicitement abord\u00e9 les obstacles tels que les barri\u00e8res linguistiques et la garde d&rsquo;enfants en proposant des horaires flexibles et un environnement d&rsquo;apprentissage s\u00fbr. En Italie, en Lituanie et dans cinq autres pays, le <a href=\"https:\/\/pitch-eu.eu\/\">projet PITCH<\/a> a co-cr\u00e9\u00e9 des <em>\u00ab feuilles de route pour l&rsquo;int\u00e9gration \u00bb<\/em> sensibles au genre pour les femmes migrantes. Ces feuilles de route combinaient des cours de langue, des formations de perfectionnement et des activit\u00e9s sociales adapt\u00e9es \u00e0 chaque femme. Rien qu&rsquo;en Lituanie, 27 femmes ont atteint les niveaux de langue A1-B1 et 3 ont trouv\u00e9 un nouvel emploi gr\u00e2ce \u00e0 la formation pilote de PITCH.     <\/p>\n\n<figure class=\"wp-block-image size-large\"><img decoding=\"async\" width=\"1024\" height=\"680\" src=\"https:\/\/empowermigrantwomen.eu\/wp-content\/uploads\/2025\/09\/image5-1024x680.png\" alt=\"\" class=\"wp-image-1052\" srcset=\"https:\/\/empowermigrantwomen.eu\/wp-content\/uploads\/2025\/09\/image5-1024x680.png 1024w, https:\/\/empowermigrantwomen.eu\/wp-content\/uploads\/2025\/09\/image5-300x199.png 300w, https:\/\/empowermigrantwomen.eu\/wp-content\/uploads\/2025\/09\/image5-768x510.png 768w, https:\/\/empowermigrantwomen.eu\/wp-content\/uploads\/2025\/09\/image5.png 1080w\" sizes=\"(max-width: 1024px) 100vw, 1024px\" \/><\/figure>\n\n<h2 class=\"wp-block-heading\">Obstacles persistants et solutions pratiques<\/h2>\n\n<p>Malgr\u00e9 les progr\u00e8s r\u00e9alis\u00e9s, des obstacles importants subsistent. Les diff\u00e9rences linguistiques et culturelles continuent de ralentir l&rsquo;int\u00e9gration, c&rsquo;est pourquoi il est essentiel de proposer des cours de langue accessibles. La garde des enfants et les obligations familiales constituent un autre obstacle majeur : les m\u00e8res migrantes ne peuvent souvent pas suivre de formation si elles ne b\u00e9n\u00e9ficient pas d&rsquo;un service de garde d&rsquo;enfants. Les orientations de la Commission soulignent que le fait de relier l&rsquo;\u00e9ducation de la petite enfance \u00e0 l&rsquo;acc\u00e8s \u00e0 l&#8217;emploi aide les m\u00e8res \u00e0 trouver un travail. La reconnaissance des qualifications est \u00e9galement essentielle : de nombreuses femmes migrantes exer\u00e7aient une profession dans leur pays d&rsquo;origine (par exemple, enseignante, infirmi\u00e8re), mais ont du mal \u00e0 faire reconna\u00eetre leurs dipl\u00f4mes dans l&rsquo;UE. Parmi les solutions possibles, on peut citer l&rsquo;\u00e9valuation alternative des comp\u00e9tences et les cours de transition (par exemple, les pays de l&rsquo;UE utilisent souvent les syst\u00e8mes ENIC\/NARIC pour valider les dipl\u00f4mes \u00e9trangers, m\u00eame sans documents administratifs). La discrimination et le manque de r\u00e9seaux locaux constituent d&rsquo;autres probl\u00e8mes. Un mentorat cibl\u00e9 (jumelage de femmes migrantes avec des femmes professionnelles locales) et des \u00e9v\u00e9nements de r\u00e9seautage peuvent permettre de surmonter l&rsquo;isolement. En effet, les experts notent que les femmes migrantes \u00ab ont souvent moins acc\u00e8s aux \u00e9v\u00e9nements de r\u00e9seautage professionnel en raison de leurs responsabilit\u00e9s en mati\u00e8re de garde d&rsquo;enfants \u00bb, de sorte que des programmes de sensibilisation et de micro-subventions sur mesure sont n\u00e9cessaires pour garantir qu&rsquo;elles ne soient pas laiss\u00e9es pour compte.        <\/p>\n\n<h2 class=\"wp-block-heading\">Responsabilit\u00e9 partag\u00e9e<\/h2>\n\n<p>Toutes les parties prenantes ont un r\u00f4le \u00e0 jouer. Les gouvernements doivent continuer \u00e0 financer l&rsquo;int\u00e9gration tenant compte des questions de genre : cela signifie soutenir les garderies et les horaires de formation flexibles parall\u00e8lement aux cours de formation professionnelle. Les politiques nationales peuvent encourager la reconnaissance des dipl\u00f4mes \u00e9trangers en simplifiant les proc\u00e9dures. Les employeurs doivent chercher \u00e0 embaucher des femmes r\u00e9fugi\u00e9es en cr\u00e9ant des postes d&rsquo;apprentis ou de stagiaires et en offrant un soutien linguistique sur le lieu de travail.    <\/p>\n\n<p>Les entreprises europ\u00e9ennes peuvent \u00e9galement parrainer des migrants : une initiative conjointe du Tent Partnership et d&rsquo;autres acteurs a d\u00e9j\u00e0 convaincu de grandes entreprises de s&rsquo;engager \u00e0 parrainer des femmes migrantes dans la r\u00e9daction de leur CV et la pr\u00e9paration d&rsquo;entretiens. Les ONG et les prestataires de formation devraient adopter les meilleures pratiques de projets tels que RIDE et PITCH, en offrant des environnements d&rsquo;apprentissage s\u00fbrs, une m\u00e9diation culturelle et des plans de soutien individualis\u00e9s. Les municipalit\u00e9s et les services sociaux peuvent renforcer leurs actions de sensibilisation, en veillant \u00e0 ce que les informations sur les droits et les services en mati\u00e8re d&#8217;emploi parviennent aux femmes migrantes dans leur propre langue. Enfin, les communaut\u00e9s devraient c\u00e9l\u00e9brer les r\u00e9ussites des femmes migrantes sur le march\u00e9 du travail, \u00e0 la fois pour inspirer les autres et pour lutter contre les st\u00e9r\u00e9otypes.   <\/p>\n\n<h2 class=\"wp-block-heading\">Appel \u00e0 l&rsquo;action<\/h2>\n\n<p>L&rsquo;autonomisation \u00e9conomique des femmes r\u00e9fugi\u00e9es est \u00e0 la fois un imp\u00e9ratif moral et un avantage pratique pour l&rsquo;Europe. Gr\u00e2ce au soutien de l&rsquo;UE par le biais de fonds tels que le FAMI et de programmes tels qu&rsquo;Erasmus+, des initiatives prometteuses aident d\u00e9j\u00e0 les femmes \u00e0 surmonter les obstacles. Le <a href=\"https:\/\/empowermigrantwomen.eu\/fr\">projet EmpowerHer<\/a> montre comment cela fonctionne dans la pratique : en combinant des formations sur mesure, des outils num\u00e9riques innovants, le renforcement des capacit\u00e9s des \u00e9ducateurs d&rsquo;adultes et des partenariats solides avec les parties prenantes. EmpowerHer cr\u00e9e des parcours clairs et accessibles vers l&#8217;emploi et l&rsquo;auto-emploi. Le d\u00e9veloppement de ces approches fond\u00e9es sur des donn\u00e9es probantes, telles que des cours de langue con\u00e7us pour des emplois sp\u00e9cifiques, des modules professionnels qui reconnaissent les acquis ant\u00e9rieurs, le mentorat et l&rsquo;aide \u00e0 la garde d&rsquo;enfants, ainsi que les liens avec les employeurs locaux, permettra \u00e0 un plus grand nombre de femmes migrantes de trouver un emploi valorisant ou de cr\u00e9er leur entreprise. Les parties prenantes \u00e0 travers l&rsquo;Europe sont appel\u00e9es \u00e0 agir d\u00e8s maintenant : investir dans ces aides qui ont fait leurs preuves, ouvrir les portes vers l&#8217;emploi et les march\u00e9s, et reconna\u00eetre le talent inexploit\u00e9 des femmes migrantes. Cela permettrait non seulement d&rsquo;honorer nos valeurs, mais aussi de renforcer les \u00e9conomies et les communaut\u00e9s locales en transformant le potentiel en une prosp\u00e9rit\u00e9 r\u00e9elle et partag\u00e9e.      <\/p>\n\n<figure class=\"wp-block-image size-large\"><img decoding=\"async\" width=\"1024\" height=\"669\" src=\"https:\/\/empowermigrantwomen.eu\/wp-content\/uploads\/2025\/09\/image3-1024x669.png\" alt=\"\" class=\"wp-image-1046\" srcset=\"https:\/\/empowermigrantwomen.eu\/wp-content\/uploads\/2025\/09\/image3-1024x669.png 1024w, https:\/\/empowermigrantwomen.eu\/wp-content\/uploads\/2025\/09\/image3-300x196.png 300w, https:\/\/empowermigrantwomen.eu\/wp-content\/uploads\/2025\/09\/image3-768x502.png 768w, https:\/\/empowermigrantwomen.eu\/wp-content\/uploads\/2025\/09\/image3.png 1080w\" sizes=\"(max-width: 1024px) 100vw, 1024px\" \/><\/figure>\n\n<h4 class=\"wp-block-heading\"><strong>R\u00e9f\u00e9rences :<\/strong> <\/h4>\n\n<p>European Commission. (2020).  <a href=\"https:\/\/ec.europa.eu\/commission\/presscorner\/detail\/en\/qanda_20_2179\" target=\"_blank\" rel=\"noreferrer noopener\">Action Plan on Integration and Inclusion 2021\u20132027. Publications Office of the European Union <\/a>.<\/p>\n\n<p>European Commission. (2022). <g id=\"gid_0\">Communication from the Commission: Guidance on access to the labour market, vocational education and training, and adult learning of people fleeing Russia\u2019s war of aggression against Ukraine<\/g>. Brussels.  <\/p>\n\n<p>European Commission. (2024). <g id=\"gid_0\">Progress tracker: Action Plan on Integration and Inclusion 2021\u20132027<\/g>. Brussels.  <\/p>\n\n<p><a href=\"https:\/\/empowermigrantwomen.eu\/fr\" target=\"_blank\" rel=\"noreferrer noopener\">EmpowerHer<\/a>. (s.f.). An inclusive future begins with empowered migrant women.  <\/p>\n\n<p>International Organisation for Migration (IOM). (2023).  <a href=\"https:\/\/home-affairs.ec.europa.eu\/projects\/lithuania-pitch-project_en\" target=\"_blank\" rel=\"noreferrer noopener\">Promoting Inclusion Through Cultural Integration and Heritage (PITCH) project evaluation. Vilnius: IOM Lithuania <\/a>.<\/p>\n\n<p>SolidarityNow. (2022). <a href=\"https:\/\/www.unitee.eu\/the-ride-projects-final-event-took-place-on-20-january\/\" target=\"_blank\" rel=\"noreferrer noopener\">Refugee Integration through Digital Entrepreneurship (RIDE) project results<\/a>. Athens.  <\/p>\n\n<p>Tent Partnership for Refugees. (2022). <a href=\"https:\/\/www.tent.org\/commitments-tent-european-business-summit-june-2023\/\" target=\"_blank\" rel=\"noreferrer noopener\">Mentoring refugee women in Europe: Corporate commitments<\/a>. New York<a href=\"https:\/\/www.tent.org\/commitments-tent-european-business-summit-june-2023\/\">.<\/a>  <\/p>\n\n<p>WEIP Consortium. (2023).  <a href=\"https:\/\/www.karat.org\/programmes\/womens-human-rights\/womens-migrants\/\" target=\"_blank\" rel=\"noreferrer noopener\">Women\u2019s Empowerment, Integration and Participation (WEIP) project outcomes. EU AMIF Programme <\/a>.<\/p>\n\n<p>WINGS Project. (2024).  <a href=\"https:\/\/epale.ec.europa.eu\/en\/blog\/project-wings-and-supporting-women-forced-migrants#:~:text=The%20mission%20of%20ERASMUS%20%2B%20program,providing%20them%20with%20the%20tools%2C\" target=\"_blank\" rel=\"noreferrer noopener\">Rise Up: Career Development for Migrant Women. Erasmus+ Strategic Partnership <\/a>.<\/p>\n","protected":false},"excerpt":{"rendered":"<p>Par Stefania Tudorache | APIDI, Portugal Les femmes migrantes en Europe sont confront\u00e9es \u00e0 un \u00ab double d\u00e9savantage \u00bb sur le march\u00e9 du travail, combinant les d\u00e9fis li\u00e9s au d\u00e9placement et \u00e0 l&rsquo;in\u00e9galit\u00e9 entre les sexes profond\u00e9ment enracin\u00e9e. Une \u00e9tude a r\u00e9v\u00e9l\u00e9 que seulement 13 % des femmes r\u00e9fugi\u00e9es r\u00e9cemment arriv\u00e9es en Allemagne avaient un [&hellip;]<\/p>\n","protected":false},"author":1,"featured_media":1053,"comment_status":"open","ping_status":"open","sticky":false,"template":"","format":"standard","meta":{"_eb_attr":"","footnotes":""},"categories":[43],"tags":[],"class_list":["post-1140","post","type-post","status-publish","format-standard","has-post-thumbnail","hentry","category-article"],"yoast_head":"<!-- This site is optimized with the Yoast SEO plugin v27.4 - https:\/\/yoast.com\/product\/yoast-seo-wordpress\/ -->\n<title>Donner aux femmes r\u00e9fugi\u00e9es les moyens de s&#039;\u00e9panouir sur le march\u00e9 du travail : une voie vers l&#039;inclusion et la prosp\u00e9rit\u00e9 - EmpowerHer<\/title>\n<meta name=\"robots\" content=\"index, follow, max-snippet:-1, max-image-preview:large, max-video-preview:-1\" \/>\n<link rel=\"canonical\" href=\"https:\/\/empowermigrantwomen.eu\/fr\/donner-aux-femmes-refugiees-les-moyens-de-sepanouir-sur-le-marche-du-travail-une-voie-vers-linclusion-et-la-prosperite\" \/>\n<meta property=\"og:locale\" content=\"fr_FR\" \/>\n<meta property=\"og:type\" content=\"article\" \/>\n<meta property=\"og:title\" content=\"Donner aux femmes r\u00e9fugi\u00e9es les moyens de s&#039;\u00e9panouir sur le march\u00e9 du travail : une voie vers l&#039;inclusion et la prosp\u00e9rit\u00e9 - EmpowerHer\" \/>\n<meta property=\"og:description\" content=\"Par Stefania Tudorache | APIDI, Portugal Les femmes migrantes en Europe sont confront\u00e9es \u00e0 un \u00ab double d\u00e9savantage \u00bb sur le march\u00e9 du travail, combinant les d\u00e9fis li\u00e9s au d\u00e9placement et \u00e0 l&rsquo;in\u00e9galit\u00e9 entre les sexes profond\u00e9ment enracin\u00e9e. Une \u00e9tude a r\u00e9v\u00e9l\u00e9 que seulement 13 % des femmes r\u00e9fugi\u00e9es r\u00e9cemment arriv\u00e9es en Allemagne avaient un [&hellip;]\" \/>\n<meta property=\"og:url\" content=\"https:\/\/empowermigrantwomen.eu\/fr\/donner-aux-femmes-refugiees-les-moyens-de-sepanouir-sur-le-marche-du-travail-une-voie-vers-linclusion-et-la-prosperite\" \/>\n<meta property=\"og:site_name\" content=\"EmpowerHer\" \/>\n<meta property=\"article:published_time\" content=\"2025-09-24T07:10:21+00:00\" \/>\n<meta property=\"article:modified_time\" content=\"2025-10-27T14:51:44+00:00\" \/>\n<meta property=\"og:image\" content=\"https:\/\/empowermigrantwomen.eu\/wp-content\/uploads\/2025\/09\/image5.png\" \/>\n\t<meta property=\"og:image:width\" content=\"1080\" \/>\n\t<meta property=\"og:image:height\" content=\"717\" \/>\n\t<meta property=\"og:image:type\" content=\"image\/png\" \/>\n<meta name=\"author\" content=\"empowerher\" \/>\n<meta name=\"twitter:card\" content=\"summary_large_image\" \/>\n<meta name=\"twitter:label1\" content=\"\u00c9crit par\" \/>\n\t<meta name=\"twitter:data1\" content=\"empowerher\" \/>\n\t<meta name=\"twitter:label2\" content=\"Dur\u00e9e de lecture estim\u00e9e\" \/>\n\t<meta name=\"twitter:data2\" content=\"7 minutes\" \/>\n<script type=\"application\/ld+json\" class=\"yoast-schema-graph\">{\"@context\":\"https:\\\/\\\/schema.org\",\"@graph\":[{\"@type\":\"Article\",\"@id\":\"https:\\\/\\\/empowermigrantwomen.eu\\\/fr\\\/donner-aux-femmes-refugiees-les-moyens-de-sepanouir-sur-le-marche-du-travail-une-voie-vers-linclusion-et-la-prosperite#article\",\"isPartOf\":{\"@id\":\"https:\\\/\\\/empowermigrantwomen.eu\\\/fr\\\/donner-aux-femmes-refugiees-les-moyens-de-sepanouir-sur-le-marche-du-travail-une-voie-vers-linclusion-et-la-prosperite\"},\"author\":{\"name\":\"empowerher\",\"@id\":\"https:\\\/\\\/empowermigrantwomen.eu\\\/fr\\\/#\\\/schema\\\/person\\\/7f16ce8b22340d8edcafcc9795e6bc29\"},\"headline\":\"Donner aux femmes r\u00e9fugi\u00e9es les moyens de s&rsquo;\u00e9panouir sur le march\u00e9 du travail : une voie vers l&rsquo;inclusion et la prosp\u00e9rit\u00e9\",\"datePublished\":\"2025-09-24T07:10:21+00:00\",\"dateModified\":\"2025-10-27T14:51:44+00:00\",\"mainEntityOfPage\":{\"@id\":\"https:\\\/\\\/empowermigrantwomen.eu\\\/fr\\\/donner-aux-femmes-refugiees-les-moyens-de-sepanouir-sur-le-marche-du-travail-une-voie-vers-linclusion-et-la-prosperite\"},\"wordCount\":1505,\"commentCount\":0,\"publisher\":{\"@id\":\"https:\\\/\\\/empowermigrantwomen.eu\\\/fr\\\/#organization\"},\"image\":{\"@id\":\"https:\\\/\\\/empowermigrantwomen.eu\\\/fr\\\/donner-aux-femmes-refugiees-les-moyens-de-sepanouir-sur-le-marche-du-travail-une-voie-vers-linclusion-et-la-prosperite#primaryimage\"},\"thumbnailUrl\":\"https:\\\/\\\/empowermigrantwomen.eu\\\/wp-content\\\/uploads\\\/2025\\\/09\\\/image5.png\",\"articleSection\":[\"Article\"],\"inLanguage\":\"fr-FR\",\"potentialAction\":[{\"@type\":\"CommentAction\",\"name\":\"Comment\",\"target\":[\"https:\\\/\\\/empowermigrantwomen.eu\\\/fr\\\/donner-aux-femmes-refugiees-les-moyens-de-sepanouir-sur-le-marche-du-travail-une-voie-vers-linclusion-et-la-prosperite#respond\"]}]},{\"@type\":\"WebPage\",\"@id\":\"https:\\\/\\\/empowermigrantwomen.eu\\\/fr\\\/donner-aux-femmes-refugiees-les-moyens-de-sepanouir-sur-le-marche-du-travail-une-voie-vers-linclusion-et-la-prosperite\",\"url\":\"https:\\\/\\\/empowermigrantwomen.eu\\\/fr\\\/donner-aux-femmes-refugiees-les-moyens-de-sepanouir-sur-le-marche-du-travail-une-voie-vers-linclusion-et-la-prosperite\",\"name\":\"Donner aux femmes r\u00e9fugi\u00e9es les moyens de s'\u00e9panouir sur le march\u00e9 du travail : une voie vers l'inclusion et la prosp\u00e9rit\u00e9 - EmpowerHer\",\"isPartOf\":{\"@id\":\"https:\\\/\\\/empowermigrantwomen.eu\\\/fr\\\/#website\"},\"primaryImageOfPage\":{\"@id\":\"https:\\\/\\\/empowermigrantwomen.eu\\\/fr\\\/donner-aux-femmes-refugiees-les-moyens-de-sepanouir-sur-le-marche-du-travail-une-voie-vers-linclusion-et-la-prosperite#primaryimage\"},\"image\":{\"@id\":\"https:\\\/\\\/empowermigrantwomen.eu\\\/fr\\\/donner-aux-femmes-refugiees-les-moyens-de-sepanouir-sur-le-marche-du-travail-une-voie-vers-linclusion-et-la-prosperite#primaryimage\"},\"thumbnailUrl\":\"https:\\\/\\\/empowermigrantwomen.eu\\\/wp-content\\\/uploads\\\/2025\\\/09\\\/image5.png\",\"datePublished\":\"2025-09-24T07:10:21+00:00\",\"dateModified\":\"2025-10-27T14:51:44+00:00\",\"breadcrumb\":{\"@id\":\"https:\\\/\\\/empowermigrantwomen.eu\\\/fr\\\/donner-aux-femmes-refugiees-les-moyens-de-sepanouir-sur-le-marche-du-travail-une-voie-vers-linclusion-et-la-prosperite#breadcrumb\"},\"inLanguage\":\"fr-FR\",\"potentialAction\":[{\"@type\":\"ReadAction\",\"target\":[\"https:\\\/\\\/empowermigrantwomen.eu\\\/fr\\\/donner-aux-femmes-refugiees-les-moyens-de-sepanouir-sur-le-marche-du-travail-une-voie-vers-linclusion-et-la-prosperite\"]}]},{\"@type\":\"ImageObject\",\"inLanguage\":\"fr-FR\",\"@id\":\"https:\\\/\\\/empowermigrantwomen.eu\\\/fr\\\/donner-aux-femmes-refugiees-les-moyens-de-sepanouir-sur-le-marche-du-travail-une-voie-vers-linclusion-et-la-prosperite#primaryimage\",\"url\":\"https:\\\/\\\/empowermigrantwomen.eu\\\/wp-content\\\/uploads\\\/2025\\\/09\\\/image5.png\",\"contentUrl\":\"https:\\\/\\\/empowermigrantwomen.eu\\\/wp-content\\\/uploads\\\/2025\\\/09\\\/image5.png\",\"width\":1080,\"height\":717},{\"@type\":\"BreadcrumbList\",\"@id\":\"https:\\\/\\\/empowermigrantwomen.eu\\\/fr\\\/donner-aux-femmes-refugiees-les-moyens-de-sepanouir-sur-le-marche-du-travail-une-voie-vers-linclusion-et-la-prosperite#breadcrumb\",\"itemListElement\":[{\"@type\":\"ListItem\",\"position\":1,\"name\":\"Home\",\"item\":\"https:\\\/\\\/empowermigrantwomen.eu\\\/fr\"},{\"@type\":\"ListItem\",\"position\":2,\"name\":\"Donner aux femmes r\u00e9fugi\u00e9es les moyens de s&rsquo;\u00e9panouir sur le march\u00e9 du travail : une voie vers l&rsquo;inclusion et la prosp\u00e9rit\u00e9\"}]},{\"@type\":\"WebSite\",\"@id\":\"https:\\\/\\\/empowermigrantwomen.eu\\\/fr\\\/#website\",\"url\":\"https:\\\/\\\/empowermigrantwomen.eu\\\/fr\\\/\",\"name\":\"EmpowerHer\",\"description\":\"\",\"publisher\":{\"@id\":\"https:\\\/\\\/empowermigrantwomen.eu\\\/fr\\\/#organization\"},\"potentialAction\":[{\"@type\":\"SearchAction\",\"target\":{\"@type\":\"EntryPoint\",\"urlTemplate\":\"https:\\\/\\\/empowermigrantwomen.eu\\\/fr\\\/?s={search_term_string}\"},\"query-input\":{\"@type\":\"PropertyValueSpecification\",\"valueRequired\":true,\"valueName\":\"search_term_string\"}}],\"inLanguage\":\"fr-FR\"},{\"@type\":\"Organization\",\"@id\":\"https:\\\/\\\/empowermigrantwomen.eu\\\/fr\\\/#organization\",\"name\":\"EmpowerHer\",\"url\":\"https:\\\/\\\/empowermigrantwomen.eu\\\/fr\\\/\",\"logo\":{\"@type\":\"ImageObject\",\"inLanguage\":\"fr-FR\",\"@id\":\"https:\\\/\\\/empowermigrantwomen.eu\\\/fr\\\/#\\\/schema\\\/logo\\\/image\\\/\",\"url\":\"https:\\\/\\\/empowermigrantwomen.eu\\\/wp-content\\\/uploads\\\/2025\\\/04\\\/EmpowerHer-horizontal-logo.png\",\"contentUrl\":\"https:\\\/\\\/empowermigrantwomen.eu\\\/wp-content\\\/uploads\\\/2025\\\/04\\\/EmpowerHer-horizontal-logo.png\",\"width\":4096,\"height\":1543,\"caption\":\"EmpowerHer\"},\"image\":{\"@id\":\"https:\\\/\\\/empowermigrantwomen.eu\\\/fr\\\/#\\\/schema\\\/logo\\\/image\\\/\"}},{\"@type\":\"Person\",\"@id\":\"https:\\\/\\\/empowermigrantwomen.eu\\\/fr\\\/#\\\/schema\\\/person\\\/7f16ce8b22340d8edcafcc9795e6bc29\",\"name\":\"empowerher\",\"image\":{\"@type\":\"ImageObject\",\"inLanguage\":\"fr-FR\",\"@id\":\"https:\\\/\\\/secure.gravatar.com\\\/avatar\\\/d72d70e7a7995c01f626e4d1c4ed97de16eb87b8f1cc8814a5c830fd3734c74f?s=96&d=mm&r=g\",\"url\":\"https:\\\/\\\/secure.gravatar.com\\\/avatar\\\/d72d70e7a7995c01f626e4d1c4ed97de16eb87b8f1cc8814a5c830fd3734c74f?s=96&d=mm&r=g\",\"contentUrl\":\"https:\\\/\\\/secure.gravatar.com\\\/avatar\\\/d72d70e7a7995c01f626e4d1c4ed97de16eb87b8f1cc8814a5c830fd3734c74f?s=96&d=mm&r=g\",\"caption\":\"empowerher\"},\"sameAs\":[\"https:\\\/\\\/empowermigrantwoman.eu\"],\"url\":\"https:\\\/\\\/empowermigrantwomen.eu\\\/fr\\\/author\\\/empowerher\"}]}<\/script>\n<!-- \/ Yoast SEO plugin. -->","yoast_head_json":{"title":"Donner aux femmes r\u00e9fugi\u00e9es les moyens de s'\u00e9panouir sur le march\u00e9 du travail : une voie vers l'inclusion et la prosp\u00e9rit\u00e9 - EmpowerHer","robots":{"index":"index","follow":"follow","max-snippet":"max-snippet:-1","max-image-preview":"max-image-preview:large","max-video-preview":"max-video-preview:-1"},"canonical":"https:\/\/empowermigrantwomen.eu\/fr\/donner-aux-femmes-refugiees-les-moyens-de-sepanouir-sur-le-marche-du-travail-une-voie-vers-linclusion-et-la-prosperite","og_locale":"fr_FR","og_type":"article","og_title":"Donner aux femmes r\u00e9fugi\u00e9es les moyens de s'\u00e9panouir sur le march\u00e9 du travail : une voie vers l'inclusion et la prosp\u00e9rit\u00e9 - EmpowerHer","og_description":"Par Stefania Tudorache | APIDI, Portugal Les femmes migrantes en Europe sont confront\u00e9es \u00e0 un \u00ab double d\u00e9savantage \u00bb sur le march\u00e9 du travail, combinant les d\u00e9fis li\u00e9s au d\u00e9placement et \u00e0 l&rsquo;in\u00e9galit\u00e9 entre les sexes profond\u00e9ment enracin\u00e9e. Une \u00e9tude a r\u00e9v\u00e9l\u00e9 que seulement 13 % des femmes r\u00e9fugi\u00e9es r\u00e9cemment arriv\u00e9es en Allemagne avaient un [&hellip;]","og_url":"https:\/\/empowermigrantwomen.eu\/fr\/donner-aux-femmes-refugiees-les-moyens-de-sepanouir-sur-le-marche-du-travail-une-voie-vers-linclusion-et-la-prosperite","og_site_name":"EmpowerHer","article_published_time":"2025-09-24T07:10:21+00:00","article_modified_time":"2025-10-27T14:51:44+00:00","og_image":[{"width":1080,"height":717,"url":"https:\/\/empowermigrantwomen.eu\/wp-content\/uploads\/2025\/09\/image5.png","type":"image\/png"}],"author":"empowerher","twitter_card":"summary_large_image","twitter_misc":{"\u00c9crit par":"empowerher","Dur\u00e9e de lecture estim\u00e9e":"7 minutes"},"schema":{"@context":"https:\/\/schema.org","@graph":[{"@type":"Article","@id":"https:\/\/empowermigrantwomen.eu\/fr\/donner-aux-femmes-refugiees-les-moyens-de-sepanouir-sur-le-marche-du-travail-une-voie-vers-linclusion-et-la-prosperite#article","isPartOf":{"@id":"https:\/\/empowermigrantwomen.eu\/fr\/donner-aux-femmes-refugiees-les-moyens-de-sepanouir-sur-le-marche-du-travail-une-voie-vers-linclusion-et-la-prosperite"},"author":{"name":"empowerher","@id":"https:\/\/empowermigrantwomen.eu\/fr\/#\/schema\/person\/7f16ce8b22340d8edcafcc9795e6bc29"},"headline":"Donner aux femmes r\u00e9fugi\u00e9es les moyens de s&rsquo;\u00e9panouir sur le march\u00e9 du travail : une voie vers l&rsquo;inclusion et la prosp\u00e9rit\u00e9","datePublished":"2025-09-24T07:10:21+00:00","dateModified":"2025-10-27T14:51:44+00:00","mainEntityOfPage":{"@id":"https:\/\/empowermigrantwomen.eu\/fr\/donner-aux-femmes-refugiees-les-moyens-de-sepanouir-sur-le-marche-du-travail-une-voie-vers-linclusion-et-la-prosperite"},"wordCount":1505,"commentCount":0,"publisher":{"@id":"https:\/\/empowermigrantwomen.eu\/fr\/#organization"},"image":{"@id":"https:\/\/empowermigrantwomen.eu\/fr\/donner-aux-femmes-refugiees-les-moyens-de-sepanouir-sur-le-marche-du-travail-une-voie-vers-linclusion-et-la-prosperite#primaryimage"},"thumbnailUrl":"https:\/\/empowermigrantwomen.eu\/wp-content\/uploads\/2025\/09\/image5.png","articleSection":["Article"],"inLanguage":"fr-FR","potentialAction":[{"@type":"CommentAction","name":"Comment","target":["https:\/\/empowermigrantwomen.eu\/fr\/donner-aux-femmes-refugiees-les-moyens-de-sepanouir-sur-le-marche-du-travail-une-voie-vers-linclusion-et-la-prosperite#respond"]}]},{"@type":"WebPage","@id":"https:\/\/empowermigrantwomen.eu\/fr\/donner-aux-femmes-refugiees-les-moyens-de-sepanouir-sur-le-marche-du-travail-une-voie-vers-linclusion-et-la-prosperite","url":"https:\/\/empowermigrantwomen.eu\/fr\/donner-aux-femmes-refugiees-les-moyens-de-sepanouir-sur-le-marche-du-travail-une-voie-vers-linclusion-et-la-prosperite","name":"Donner aux femmes r\u00e9fugi\u00e9es les moyens de s'\u00e9panouir sur le march\u00e9 du travail : une voie vers l'inclusion et la prosp\u00e9rit\u00e9 - EmpowerHer","isPartOf":{"@id":"https:\/\/empowermigrantwomen.eu\/fr\/#website"},"primaryImageOfPage":{"@id":"https:\/\/empowermigrantwomen.eu\/fr\/donner-aux-femmes-refugiees-les-moyens-de-sepanouir-sur-le-marche-du-travail-une-voie-vers-linclusion-et-la-prosperite#primaryimage"},"image":{"@id":"https:\/\/empowermigrantwomen.eu\/fr\/donner-aux-femmes-refugiees-les-moyens-de-sepanouir-sur-le-marche-du-travail-une-voie-vers-linclusion-et-la-prosperite#primaryimage"},"thumbnailUrl":"https:\/\/empowermigrantwomen.eu\/wp-content\/uploads\/2025\/09\/image5.png","datePublished":"2025-09-24T07:10:21+00:00","dateModified":"2025-10-27T14:51:44+00:00","breadcrumb":{"@id":"https:\/\/empowermigrantwomen.eu\/fr\/donner-aux-femmes-refugiees-les-moyens-de-sepanouir-sur-le-marche-du-travail-une-voie-vers-linclusion-et-la-prosperite#breadcrumb"},"inLanguage":"fr-FR","potentialAction":[{"@type":"ReadAction","target":["https:\/\/empowermigrantwomen.eu\/fr\/donner-aux-femmes-refugiees-les-moyens-de-sepanouir-sur-le-marche-du-travail-une-voie-vers-linclusion-et-la-prosperite"]}]},{"@type":"ImageObject","inLanguage":"fr-FR","@id":"https:\/\/empowermigrantwomen.eu\/fr\/donner-aux-femmes-refugiees-les-moyens-de-sepanouir-sur-le-marche-du-travail-une-voie-vers-linclusion-et-la-prosperite#primaryimage","url":"https:\/\/empowermigrantwomen.eu\/wp-content\/uploads\/2025\/09\/image5.png","contentUrl":"https:\/\/empowermigrantwomen.eu\/wp-content\/uploads\/2025\/09\/image5.png","width":1080,"height":717},{"@type":"BreadcrumbList","@id":"https:\/\/empowermigrantwomen.eu\/fr\/donner-aux-femmes-refugiees-les-moyens-de-sepanouir-sur-le-marche-du-travail-une-voie-vers-linclusion-et-la-prosperite#breadcrumb","itemListElement":[{"@type":"ListItem","position":1,"name":"Home","item":"https:\/\/empowermigrantwomen.eu\/fr"},{"@type":"ListItem","position":2,"name":"Donner aux femmes r\u00e9fugi\u00e9es les moyens de s&rsquo;\u00e9panouir sur le march\u00e9 du travail : une voie vers l&rsquo;inclusion et la prosp\u00e9rit\u00e9"}]},{"@type":"WebSite","@id":"https:\/\/empowermigrantwomen.eu\/fr\/#website","url":"https:\/\/empowermigrantwomen.eu\/fr\/","name":"EmpowerHer","description":"","publisher":{"@id":"https:\/\/empowermigrantwomen.eu\/fr\/#organization"},"potentialAction":[{"@type":"SearchAction","target":{"@type":"EntryPoint","urlTemplate":"https:\/\/empowermigrantwomen.eu\/fr\/?s={search_term_string}"},"query-input":{"@type":"PropertyValueSpecification","valueRequired":true,"valueName":"search_term_string"}}],"inLanguage":"fr-FR"},{"@type":"Organization","@id":"https:\/\/empowermigrantwomen.eu\/fr\/#organization","name":"EmpowerHer","url":"https:\/\/empowermigrantwomen.eu\/fr\/","logo":{"@type":"ImageObject","inLanguage":"fr-FR","@id":"https:\/\/empowermigrantwomen.eu\/fr\/#\/schema\/logo\/image\/","url":"https:\/\/empowermigrantwomen.eu\/wp-content\/uploads\/2025\/04\/EmpowerHer-horizontal-logo.png","contentUrl":"https:\/\/empowermigrantwomen.eu\/wp-content\/uploads\/2025\/04\/EmpowerHer-horizontal-logo.png","width":4096,"height":1543,"caption":"EmpowerHer"},"image":{"@id":"https:\/\/empowermigrantwomen.eu\/fr\/#\/schema\/logo\/image\/"}},{"@type":"Person","@id":"https:\/\/empowermigrantwomen.eu\/fr\/#\/schema\/person\/7f16ce8b22340d8edcafcc9795e6bc29","name":"empowerher","image":{"@type":"ImageObject","inLanguage":"fr-FR","@id":"https:\/\/secure.gravatar.com\/avatar\/d72d70e7a7995c01f626e4d1c4ed97de16eb87b8f1cc8814a5c830fd3734c74f?s=96&d=mm&r=g","url":"https:\/\/secure.gravatar.com\/avatar\/d72d70e7a7995c01f626e4d1c4ed97de16eb87b8f1cc8814a5c830fd3734c74f?s=96&d=mm&r=g","contentUrl":"https:\/\/secure.gravatar.com\/avatar\/d72d70e7a7995c01f626e4d1c4ed97de16eb87b8f1cc8814a5c830fd3734c74f?s=96&d=mm&r=g","caption":"empowerher"},"sameAs":["https:\/\/empowermigrantwoman.eu"],"url":"https:\/\/empowermigrantwomen.eu\/fr\/author\/empowerher"}]}},"_links":{"self":[{"href":"https:\/\/empowermigrantwomen.eu\/fr\/wp-json\/wp\/v2\/posts\/1140","targetHints":{"allow":["GET"]}}],"collection":[{"href":"https:\/\/empowermigrantwomen.eu\/fr\/wp-json\/wp\/v2\/posts"}],"about":[{"href":"https:\/\/empowermigrantwomen.eu\/fr\/wp-json\/wp\/v2\/types\/post"}],"author":[{"embeddable":true,"href":"https:\/\/empowermigrantwomen.eu\/fr\/wp-json\/wp\/v2\/users\/1"}],"replies":[{"embeddable":true,"href":"https:\/\/empowermigrantwomen.eu\/fr\/wp-json\/wp\/v2\/comments?post=1140"}],"version-history":[{"count":1,"href":"https:\/\/empowermigrantwomen.eu\/fr\/wp-json\/wp\/v2\/posts\/1140\/revisions"}],"predecessor-version":[{"id":1141,"href":"https:\/\/empowermigrantwomen.eu\/fr\/wp-json\/wp\/v2\/posts\/1140\/revisions\/1141"}],"wp:featuredmedia":[{"embeddable":true,"href":"https:\/\/empowermigrantwomen.eu\/fr\/wp-json\/wp\/v2\/media\/1053"}],"wp:attachment":[{"href":"https:\/\/empowermigrantwomen.eu\/fr\/wp-json\/wp\/v2\/media?parent=1140"}],"wp:term":[{"taxonomy":"category","embeddable":true,"href":"https:\/\/empowermigrantwomen.eu\/fr\/wp-json\/wp\/v2\/categories?post=1140"},{"taxonomy":"post_tag","embeddable":true,"href":"https:\/\/empowermigrantwomen.eu\/fr\/wp-json\/wp\/v2\/tags?post=1140"}],"curies":[{"name":"wp","href":"https:\/\/api.w.org\/{rel}","templated":true}]}}