{"id":1222,"date":"2025-11-06T10:37:35","date_gmt":"2025-11-06T10:37:35","guid":{"rendered":"https:\/\/empowermigrantwomen.eu\/2e-reunion-transnationale-du-projet-empowerher-a-grenade-bilan-et-planification-des-prochaines-taches"},"modified":"2026-01-07T11:36:56","modified_gmt":"2026-01-07T11:36:56","slug":"2e-reunion-transnationale-du-projet-empowerher-a-grenade-bilan-et-planification-des-prochaines-taches","status":"publish","type":"post","link":"https:\/\/empowermigrantwomen.eu\/fr\/2e-reunion-transnationale-du-projet-empowerher-a-grenade-bilan-et-planification-des-prochaines-taches","title":{"rendered":"2e r\u00e9union transnationale du projet EmpowerHer \u00e0 Grenade : bilan et planification des prochaines t\u00e2ches"},"content":{"rendered":"\n<p><strong>Par Aida Y\u00e1\u00f1ez-Sede\u00f1o Sabariegos | OnProjects, Espagne<\/strong><\/p>\n\n<p>Le consortium EmpowerHer a tenu sa deuxi\u00e8me r\u00e9union transnationale du projet \u00e0 Grenade, en Espagne, les 4 et 5 novembre 2025. Pendant deux jours, les partenaires se sont mis d&rsquo;accord sur les \u00e9tapes cl\u00e9s des diff\u00e9rents lots de travail, ont actualis\u00e9 la feuille de route du projet et ont renforc\u00e9 leur collaboration en personne, tout en ayant un peu de temps pour explorer la ville et se d\u00e9tendre sous le soleil andalous. <\/p>\n\n<h2 class=\"wp-block-heading\">1er jour \u2013 Mardi 4 novembre 2025<\/h2>\n\n<p>Apr\u00e8s un accueil et une mise en place dirig\u00e9e par Wisamar, les \u00e9quipes se sont lanc\u00e9es dans <strong>le d\u00e9veloppement de la bo\u00eete \u00e0 outils d&rsquo;int\u00e9gration dans le milieu du travail.<\/strong> Antonia, de Comcy, a anim\u00e9 cette premi\u00e8re session afin de partager les conclusions des r\u00e9cents groupes de discussion et entretiens r\u00e9alis\u00e9s avec les employeurs au niveau local, qui seront int\u00e9gr\u00e9es dans un rapport europ\u00e9en final et serviront bien s\u00fbr \u00e0 fa\u00e7onner la bo\u00eete \u00e0 outils. Une courte pause \u00e9nergisante apr\u00e8s le d\u00e9jeuner, anim\u00e9e par Mona de DIE, a permis au groupe de se ressourcer avant de passer \u00e0 l&rsquo;activit\u00e9 <strong>\u00ab Mise en \u0153uvre du programme de formation \u00bb<\/strong>, anim\u00e9e par Soha de Pistes Solidaires. Les partenaires ont d&rsquo;abord fait le point sur les formations locales \u00e0 mettre en \u0153uvre, puis sur le prochain atelier en ligne qui se tiendra le 25 novembre. La journ\u00e9e s&rsquo;est termin\u00e9e par une comp\u00e9tition en direct entre les partenaires \u00e0 l&rsquo;aide de <strong>l&rsquo;application web<\/strong>, qui a permis \u00e0 la fois d&rsquo;affiner les fonctionnalit\u00e9s et de recueillir les commentaires des partenaires, tout en cl\u00f4turant la r\u00e9union de mani\u00e8re ludique. Avertissement : personne n&rsquo;a \u00e9t\u00e9 jug\u00e9 sur son score final ;).     <\/p>\n\n<h2 class=\"wp-block-heading\">2e jour \u2013 Mercredi 5 novembre 2025<\/h2>\n\n<p>La deuxi\u00e8me matin\u00e9e a d\u00e9marr\u00e9 doucement avec une s\u00e9ance de yoga anim\u00e9e par Andreea, au cours de laquelle les partenaires ont pu se reconnecter avec eux-m\u00eames, mais aussi avec le groupe, pour commencer la deuxi\u00e8me journ\u00e9e de r\u00e9union dans une ambiance d\u00e9tendue et sereine. APIDI et OnProjects ont pr\u00e9sent\u00e9 plusieurs mises \u00e0 jour et les prochaines t\u00e2ches concernant <strong>les activit\u00e9s de communication et de sensibilisation<\/strong>, principalement li\u00e9es \u00e0 la campagne sur les r\u00e9seaux sociaux qui sera lanc\u00e9e prochainement. Plus tard, apr\u00e8s une courte pause caf\u00e9, Antonia, de Comcy, a pass\u00e9 en revue <strong>l&rsquo;assurance qualit\u00e9 et l&rsquo;\u00e9valuation de l&rsquo;impact<\/strong> afin de planifier les prochaines activit\u00e9s d&rsquo;\u00e9valuation, suivie par Wisamar qui a fait un point sur le processus de <strong>coordination du projet<\/strong>, notamment les prochains rapports et le calendrier des prochaines r\u00e9unions. La r\u00e9union s&rsquo;est termin\u00e9e par une derni\u00e8re session de questions-r\u00e9ponses et un engagement commun du consortium \u00e0 continuer \u00e0 \u0153uvrer pour un avenir meilleur pour les femmes migrantes \u00e0 travers notre projet.   <\/p>\n\n<p>Apr\u00e8s deux journ\u00e9es fructueuses, la r\u00e9union de Grenade s&rsquo;est achev\u00e9e sur des engagements clairs, un \u00e9lan renouvel\u00e9 et un sentiment commun d&rsquo;appartenance \u00e0 une cause commune. Tout aussi important, ce temps pass\u00e9 ensemble a renforc\u00e9 la confiance et la collaboration, deux concepts cl\u00e9s pour un travail d&rsquo;\u00e9quipe r\u00e9ussi. Merci \u00e0 tous les partenaires pour leur \u00e9nergie et leurs id\u00e9es ; ensemble, nous faisons progresser la mission d&rsquo;EmpowerHer qui consiste \u00e0 \u00e9largir les opportunit\u00e9s pour les femmes migrantes \u00e0 travers l&rsquo;Europe.  <\/p>\n\n<figure class=\"wp-block-image size-large\"><img fetchpriority=\"high\" decoding=\"async\" width=\"1024\" height=\"576\" src=\"https:\/\/empowermigrantwomen.eu\/wp-content\/uploads\/2025\/11\/IMG_1554-1024x576.jpg\" alt=\"\" class=\"wp-image-1152\" srcset=\"https:\/\/empowermigrantwomen.eu\/wp-content\/uploads\/2025\/11\/IMG_1554-1024x576.jpg 1024w, https:\/\/empowermigrantwomen.eu\/wp-content\/uploads\/2025\/11\/IMG_1554-300x169.jpg 300w, https:\/\/empowermigrantwomen.eu\/wp-content\/uploads\/2025\/11\/IMG_1554-768x432.jpg 768w, https:\/\/empowermigrantwomen.eu\/wp-content\/uploads\/2025\/11\/IMG_1554-1536x864.jpg 1536w, https:\/\/empowermigrantwomen.eu\/wp-content\/uploads\/2025\/11\/IMG_1554-2048x1152.jpg 2048w\" sizes=\"(max-width: 1024px) 100vw, 1024px\" \/><figcaption class=\"wp-element-caption\">Photo de famille \u263a<\/figcaption><\/figure>\n","protected":false},"excerpt":{"rendered":"<p>Par Aida Y\u00e1\u00f1ez-Sede\u00f1o Sabariegos | OnProjects, Espagne Le consortium EmpowerHer a tenu sa deuxi\u00e8me r\u00e9union transnationale du projet \u00e0 Grenade, en Espagne, les 4 et 5 novembre 2025. Pendant deux jours, les partenaires se sont mis d&rsquo;accord sur les \u00e9tapes cl\u00e9s des diff\u00e9rents lots de travail, ont actualis\u00e9 la feuille de route du projet et [&hellip;]<\/p>\n","protected":false},"author":1,"featured_media":1153,"comment_status":"open","ping_status":"open","sticky":false,"template":"","format":"standard","meta":{"_eb_attr":"","footnotes":""},"categories":[48],"tags":[],"class_list":["post-1222","post","type-post","status-publish","format-standard","has-post-thumbnail","hentry","category-actualites"],"yoast_head":"<!-- This site is optimized with the Yoast SEO plugin v27.4 - https:\/\/yoast.com\/product\/yoast-seo-wordpress\/ -->\n<title>2e r\u00e9union transnationale du projet EmpowerHer \u00e0 Grenade : bilan et planification des prochaines t\u00e2ches - EmpowerHer<\/title>\n<meta name=\"robots\" content=\"index, follow, max-snippet:-1, max-image-preview:large, max-video-preview:-1\" \/>\n<link rel=\"canonical\" href=\"https:\/\/empowermigrantwomen.eu\/fr\/2e-reunion-transnationale-du-projet-empowerher-a-grenade-bilan-et-planification-des-prochaines-taches\" \/>\n<meta property=\"og:locale\" content=\"fr_FR\" \/>\n<meta property=\"og:type\" content=\"article\" \/>\n<meta property=\"og:title\" content=\"2e r\u00e9union transnationale du projet EmpowerHer \u00e0 Grenade : bilan et planification des prochaines t\u00e2ches - EmpowerHer\" \/>\n<meta property=\"og:description\" content=\"Par Aida Y\u00e1\u00f1ez-Sede\u00f1o Sabariegos | OnProjects, Espagne Le consortium EmpowerHer a tenu sa deuxi\u00e8me r\u00e9union transnationale du projet \u00e0 Grenade, en Espagne, les 4 et 5 novembre 2025. Pendant deux jours, les partenaires se sont mis d&rsquo;accord sur les \u00e9tapes cl\u00e9s des diff\u00e9rents lots de travail, ont actualis\u00e9 la feuille de route du projet et [&hellip;]\" \/>\n<meta property=\"og:url\" content=\"https:\/\/empowermigrantwomen.eu\/fr\/2e-reunion-transnationale-du-projet-empowerher-a-grenade-bilan-et-planification-des-prochaines-taches\" \/>\n<meta property=\"og:site_name\" content=\"EmpowerHer\" \/>\n<meta property=\"article:published_time\" content=\"2025-11-06T10:37:35+00:00\" \/>\n<meta property=\"article:modified_time\" content=\"2026-01-07T11:36:56+00:00\" \/>\n<meta property=\"og:image\" content=\"https:\/\/empowermigrantwomen.eu\/wp-content\/uploads\/2025\/11\/IMG_1554-scaled.jpg\" \/>\n\t<meta property=\"og:image:width\" content=\"2560\" \/>\n\t<meta property=\"og:image:height\" content=\"1440\" \/>\n\t<meta property=\"og:image:type\" content=\"image\/jpeg\" \/>\n<meta name=\"author\" content=\"empowerher\" \/>\n<meta name=\"twitter:card\" content=\"summary_large_image\" \/>\n<meta name=\"twitter:label1\" content=\"\u00c9crit par\" \/>\n\t<meta name=\"twitter:data1\" content=\"empowerher\" \/>\n\t<meta name=\"twitter:label2\" content=\"Dur\u00e9e de lecture estim\u00e9e\" \/>\n\t<meta name=\"twitter:data2\" content=\"3 minutes\" \/>\n<script type=\"application\/ld+json\" class=\"yoast-schema-graph\">{\"@context\":\"https:\\\/\\\/schema.org\",\"@graph\":[{\"@type\":\"Article\",\"@id\":\"https:\\\/\\\/empowermigrantwomen.eu\\\/fr\\\/2e-reunion-transnationale-du-projet-empowerher-a-grenade-bilan-et-planification-des-prochaines-taches#article\",\"isPartOf\":{\"@id\":\"https:\\\/\\\/empowermigrantwomen.eu\\\/fr\\\/2e-reunion-transnationale-du-projet-empowerher-a-grenade-bilan-et-planification-des-prochaines-taches\"},\"author\":{\"name\":\"empowerher\",\"@id\":\"https:\\\/\\\/empowermigrantwomen.eu\\\/fr\\\/#\\\/schema\\\/person\\\/7f16ce8b22340d8edcafcc9795e6bc29\"},\"headline\":\"2e r\u00e9union transnationale du projet EmpowerHer \u00e0 Grenade : bilan et planification des prochaines t\u00e2ches\",\"datePublished\":\"2025-11-06T10:37:35+00:00\",\"dateModified\":\"2026-01-07T11:36:56+00:00\",\"mainEntityOfPage\":{\"@id\":\"https:\\\/\\\/empowermigrantwomen.eu\\\/fr\\\/2e-reunion-transnationale-du-projet-empowerher-a-grenade-bilan-et-planification-des-prochaines-taches\"},\"wordCount\":598,\"commentCount\":0,\"publisher\":{\"@id\":\"https:\\\/\\\/empowermigrantwomen.eu\\\/fr\\\/#organization\"},\"image\":{\"@id\":\"https:\\\/\\\/empowermigrantwomen.eu\\\/fr\\\/2e-reunion-transnationale-du-projet-empowerher-a-grenade-bilan-et-planification-des-prochaines-taches#primaryimage\"},\"thumbnailUrl\":\"https:\\\/\\\/empowermigrantwomen.eu\\\/wp-content\\\/uploads\\\/2025\\\/11\\\/IMG_1554-scaled.jpg\",\"articleSection\":[\"Actualit\u00e9s\"],\"inLanguage\":\"fr-FR\",\"potentialAction\":[{\"@type\":\"CommentAction\",\"name\":\"Comment\",\"target\":[\"https:\\\/\\\/empowermigrantwomen.eu\\\/fr\\\/2e-reunion-transnationale-du-projet-empowerher-a-grenade-bilan-et-planification-des-prochaines-taches#respond\"]}]},{\"@type\":\"WebPage\",\"@id\":\"https:\\\/\\\/empowermigrantwomen.eu\\\/fr\\\/2e-reunion-transnationale-du-projet-empowerher-a-grenade-bilan-et-planification-des-prochaines-taches\",\"url\":\"https:\\\/\\\/empowermigrantwomen.eu\\\/fr\\\/2e-reunion-transnationale-du-projet-empowerher-a-grenade-bilan-et-planification-des-prochaines-taches\",\"name\":\"2e r\u00e9union transnationale du projet EmpowerHer \u00e0 Grenade : bilan et planification des prochaines t\u00e2ches - EmpowerHer\",\"isPartOf\":{\"@id\":\"https:\\\/\\\/empowermigrantwomen.eu\\\/fr\\\/#website\"},\"primaryImageOfPage\":{\"@id\":\"https:\\\/\\\/empowermigrantwomen.eu\\\/fr\\\/2e-reunion-transnationale-du-projet-empowerher-a-grenade-bilan-et-planification-des-prochaines-taches#primaryimage\"},\"image\":{\"@id\":\"https:\\\/\\\/empowermigrantwomen.eu\\\/fr\\\/2e-reunion-transnationale-du-projet-empowerher-a-grenade-bilan-et-planification-des-prochaines-taches#primaryimage\"},\"thumbnailUrl\":\"https:\\\/\\\/empowermigrantwomen.eu\\\/wp-content\\\/uploads\\\/2025\\\/11\\\/IMG_1554-scaled.jpg\",\"datePublished\":\"2025-11-06T10:37:35+00:00\",\"dateModified\":\"2026-01-07T11:36:56+00:00\",\"breadcrumb\":{\"@id\":\"https:\\\/\\\/empowermigrantwomen.eu\\\/fr\\\/2e-reunion-transnationale-du-projet-empowerher-a-grenade-bilan-et-planification-des-prochaines-taches#breadcrumb\"},\"inLanguage\":\"fr-FR\",\"potentialAction\":[{\"@type\":\"ReadAction\",\"target\":[\"https:\\\/\\\/empowermigrantwomen.eu\\\/fr\\\/2e-reunion-transnationale-du-projet-empowerher-a-grenade-bilan-et-planification-des-prochaines-taches\"]}]},{\"@type\":\"ImageObject\",\"inLanguage\":\"fr-FR\",\"@id\":\"https:\\\/\\\/empowermigrantwomen.eu\\\/fr\\\/2e-reunion-transnationale-du-projet-empowerher-a-grenade-bilan-et-planification-des-prochaines-taches#primaryimage\",\"url\":\"https:\\\/\\\/empowermigrantwomen.eu\\\/wp-content\\\/uploads\\\/2025\\\/11\\\/IMG_1554-scaled.jpg\",\"contentUrl\":\"https:\\\/\\\/empowermigrantwomen.eu\\\/wp-content\\\/uploads\\\/2025\\\/11\\\/IMG_1554-scaled.jpg\",\"width\":2560,\"height\":1440},{\"@type\":\"BreadcrumbList\",\"@id\":\"https:\\\/\\\/empowermigrantwomen.eu\\\/fr\\\/2e-reunion-transnationale-du-projet-empowerher-a-grenade-bilan-et-planification-des-prochaines-taches#breadcrumb\",\"itemListElement\":[{\"@type\":\"ListItem\",\"position\":1,\"name\":\"Home\",\"item\":\"https:\\\/\\\/empowermigrantwomen.eu\\\/fr\"},{\"@type\":\"ListItem\",\"position\":2,\"name\":\"2e r\u00e9union transnationale du projet EmpowerHer \u00e0 Grenade : bilan et planification des prochaines t\u00e2ches\"}]},{\"@type\":\"WebSite\",\"@id\":\"https:\\\/\\\/empowermigrantwomen.eu\\\/fr\\\/#website\",\"url\":\"https:\\\/\\\/empowermigrantwomen.eu\\\/fr\\\/\",\"name\":\"EmpowerHer\",\"description\":\"\",\"publisher\":{\"@id\":\"https:\\\/\\\/empowermigrantwomen.eu\\\/fr\\\/#organization\"},\"potentialAction\":[{\"@type\":\"SearchAction\",\"target\":{\"@type\":\"EntryPoint\",\"urlTemplate\":\"https:\\\/\\\/empowermigrantwomen.eu\\\/fr\\\/?s={search_term_string}\"},\"query-input\":{\"@type\":\"PropertyValueSpecification\",\"valueRequired\":true,\"valueName\":\"search_term_string\"}}],\"inLanguage\":\"fr-FR\"},{\"@type\":\"Organization\",\"@id\":\"https:\\\/\\\/empowermigrantwomen.eu\\\/fr\\\/#organization\",\"name\":\"EmpowerHer\",\"url\":\"https:\\\/\\\/empowermigrantwomen.eu\\\/fr\\\/\",\"logo\":{\"@type\":\"ImageObject\",\"inLanguage\":\"fr-FR\",\"@id\":\"https:\\\/\\\/empowermigrantwomen.eu\\\/fr\\\/#\\\/schema\\\/logo\\\/image\\\/\",\"url\":\"https:\\\/\\\/empowermigrantwomen.eu\\\/wp-content\\\/uploads\\\/2025\\\/04\\\/EmpowerHer-horizontal-logo.png\",\"contentUrl\":\"https:\\\/\\\/empowermigrantwomen.eu\\\/wp-content\\\/uploads\\\/2025\\\/04\\\/EmpowerHer-horizontal-logo.png\",\"width\":4096,\"height\":1543,\"caption\":\"EmpowerHer\"},\"image\":{\"@id\":\"https:\\\/\\\/empowermigrantwomen.eu\\\/fr\\\/#\\\/schema\\\/logo\\\/image\\\/\"}},{\"@type\":\"Person\",\"@id\":\"https:\\\/\\\/empowermigrantwomen.eu\\\/fr\\\/#\\\/schema\\\/person\\\/7f16ce8b22340d8edcafcc9795e6bc29\",\"name\":\"empowerher\",\"image\":{\"@type\":\"ImageObject\",\"inLanguage\":\"fr-FR\",\"@id\":\"https:\\\/\\\/secure.gravatar.com\\\/avatar\\\/d72d70e7a7995c01f626e4d1c4ed97de16eb87b8f1cc8814a5c830fd3734c74f?s=96&d=mm&r=g\",\"url\":\"https:\\\/\\\/secure.gravatar.com\\\/avatar\\\/d72d70e7a7995c01f626e4d1c4ed97de16eb87b8f1cc8814a5c830fd3734c74f?s=96&d=mm&r=g\",\"contentUrl\":\"https:\\\/\\\/secure.gravatar.com\\\/avatar\\\/d72d70e7a7995c01f626e4d1c4ed97de16eb87b8f1cc8814a5c830fd3734c74f?s=96&d=mm&r=g\",\"caption\":\"empowerher\"},\"sameAs\":[\"https:\\\/\\\/empowermigrantwoman.eu\"],\"url\":\"https:\\\/\\\/empowermigrantwomen.eu\\\/fr\\\/author\\\/empowerher\"}]}<\/script>\n<!-- \/ Yoast SEO plugin. -->","yoast_head_json":{"title":"2e r\u00e9union transnationale du projet EmpowerHer \u00e0 Grenade : bilan et planification des prochaines t\u00e2ches - EmpowerHer","robots":{"index":"index","follow":"follow","max-snippet":"max-snippet:-1","max-image-preview":"max-image-preview:large","max-video-preview":"max-video-preview:-1"},"canonical":"https:\/\/empowermigrantwomen.eu\/fr\/2e-reunion-transnationale-du-projet-empowerher-a-grenade-bilan-et-planification-des-prochaines-taches","og_locale":"fr_FR","og_type":"article","og_title":"2e r\u00e9union transnationale du projet EmpowerHer \u00e0 Grenade : bilan et planification des prochaines t\u00e2ches - EmpowerHer","og_description":"Par Aida Y\u00e1\u00f1ez-Sede\u00f1o Sabariegos | OnProjects, Espagne Le consortium EmpowerHer a tenu sa deuxi\u00e8me r\u00e9union transnationale du projet \u00e0 Grenade, en Espagne, les 4 et 5 novembre 2025. Pendant deux jours, les partenaires se sont mis d&rsquo;accord sur les \u00e9tapes cl\u00e9s des diff\u00e9rents lots de travail, ont actualis\u00e9 la feuille de route du projet et [&hellip;]","og_url":"https:\/\/empowermigrantwomen.eu\/fr\/2e-reunion-transnationale-du-projet-empowerher-a-grenade-bilan-et-planification-des-prochaines-taches","og_site_name":"EmpowerHer","article_published_time":"2025-11-06T10:37:35+00:00","article_modified_time":"2026-01-07T11:36:56+00:00","og_image":[{"width":2560,"height":1440,"url":"https:\/\/empowermigrantwomen.eu\/wp-content\/uploads\/2025\/11\/IMG_1554-scaled.jpg","type":"image\/jpeg"}],"author":"empowerher","twitter_card":"summary_large_image","twitter_misc":{"\u00c9crit par":"empowerher","Dur\u00e9e de lecture estim\u00e9e":"3 minutes"},"schema":{"@context":"https:\/\/schema.org","@graph":[{"@type":"Article","@id":"https:\/\/empowermigrantwomen.eu\/fr\/2e-reunion-transnationale-du-projet-empowerher-a-grenade-bilan-et-planification-des-prochaines-taches#article","isPartOf":{"@id":"https:\/\/empowermigrantwomen.eu\/fr\/2e-reunion-transnationale-du-projet-empowerher-a-grenade-bilan-et-planification-des-prochaines-taches"},"author":{"name":"empowerher","@id":"https:\/\/empowermigrantwomen.eu\/fr\/#\/schema\/person\/7f16ce8b22340d8edcafcc9795e6bc29"},"headline":"2e r\u00e9union transnationale du projet EmpowerHer \u00e0 Grenade : bilan et planification des prochaines t\u00e2ches","datePublished":"2025-11-06T10:37:35+00:00","dateModified":"2026-01-07T11:36:56+00:00","mainEntityOfPage":{"@id":"https:\/\/empowermigrantwomen.eu\/fr\/2e-reunion-transnationale-du-projet-empowerher-a-grenade-bilan-et-planification-des-prochaines-taches"},"wordCount":598,"commentCount":0,"publisher":{"@id":"https:\/\/empowermigrantwomen.eu\/fr\/#organization"},"image":{"@id":"https:\/\/empowermigrantwomen.eu\/fr\/2e-reunion-transnationale-du-projet-empowerher-a-grenade-bilan-et-planification-des-prochaines-taches#primaryimage"},"thumbnailUrl":"https:\/\/empowermigrantwomen.eu\/wp-content\/uploads\/2025\/11\/IMG_1554-scaled.jpg","articleSection":["Actualit\u00e9s"],"inLanguage":"fr-FR","potentialAction":[{"@type":"CommentAction","name":"Comment","target":["https:\/\/empowermigrantwomen.eu\/fr\/2e-reunion-transnationale-du-projet-empowerher-a-grenade-bilan-et-planification-des-prochaines-taches#respond"]}]},{"@type":"WebPage","@id":"https:\/\/empowermigrantwomen.eu\/fr\/2e-reunion-transnationale-du-projet-empowerher-a-grenade-bilan-et-planification-des-prochaines-taches","url":"https:\/\/empowermigrantwomen.eu\/fr\/2e-reunion-transnationale-du-projet-empowerher-a-grenade-bilan-et-planification-des-prochaines-taches","name":"2e r\u00e9union transnationale du projet EmpowerHer \u00e0 Grenade : bilan et planification des prochaines t\u00e2ches - EmpowerHer","isPartOf":{"@id":"https:\/\/empowermigrantwomen.eu\/fr\/#website"},"primaryImageOfPage":{"@id":"https:\/\/empowermigrantwomen.eu\/fr\/2e-reunion-transnationale-du-projet-empowerher-a-grenade-bilan-et-planification-des-prochaines-taches#primaryimage"},"image":{"@id":"https:\/\/empowermigrantwomen.eu\/fr\/2e-reunion-transnationale-du-projet-empowerher-a-grenade-bilan-et-planification-des-prochaines-taches#primaryimage"},"thumbnailUrl":"https:\/\/empowermigrantwomen.eu\/wp-content\/uploads\/2025\/11\/IMG_1554-scaled.jpg","datePublished":"2025-11-06T10:37:35+00:00","dateModified":"2026-01-07T11:36:56+00:00","breadcrumb":{"@id":"https:\/\/empowermigrantwomen.eu\/fr\/2e-reunion-transnationale-du-projet-empowerher-a-grenade-bilan-et-planification-des-prochaines-taches#breadcrumb"},"inLanguage":"fr-FR","potentialAction":[{"@type":"ReadAction","target":["https:\/\/empowermigrantwomen.eu\/fr\/2e-reunion-transnationale-du-projet-empowerher-a-grenade-bilan-et-planification-des-prochaines-taches"]}]},{"@type":"ImageObject","inLanguage":"fr-FR","@id":"https:\/\/empowermigrantwomen.eu\/fr\/2e-reunion-transnationale-du-projet-empowerher-a-grenade-bilan-et-planification-des-prochaines-taches#primaryimage","url":"https:\/\/empowermigrantwomen.eu\/wp-content\/uploads\/2025\/11\/IMG_1554-scaled.jpg","contentUrl":"https:\/\/empowermigrantwomen.eu\/wp-content\/uploads\/2025\/11\/IMG_1554-scaled.jpg","width":2560,"height":1440},{"@type":"BreadcrumbList","@id":"https:\/\/empowermigrantwomen.eu\/fr\/2e-reunion-transnationale-du-projet-empowerher-a-grenade-bilan-et-planification-des-prochaines-taches#breadcrumb","itemListElement":[{"@type":"ListItem","position":1,"name":"Home","item":"https:\/\/empowermigrantwomen.eu\/fr"},{"@type":"ListItem","position":2,"name":"2e r\u00e9union transnationale du projet EmpowerHer \u00e0 Grenade : bilan et planification des prochaines t\u00e2ches"}]},{"@type":"WebSite","@id":"https:\/\/empowermigrantwomen.eu\/fr\/#website","url":"https:\/\/empowermigrantwomen.eu\/fr\/","name":"EmpowerHer","description":"","publisher":{"@id":"https:\/\/empowermigrantwomen.eu\/fr\/#organization"},"potentialAction":[{"@type":"SearchAction","target":{"@type":"EntryPoint","urlTemplate":"https:\/\/empowermigrantwomen.eu\/fr\/?s={search_term_string}"},"query-input":{"@type":"PropertyValueSpecification","valueRequired":true,"valueName":"search_term_string"}}],"inLanguage":"fr-FR"},{"@type":"Organization","@id":"https:\/\/empowermigrantwomen.eu\/fr\/#organization","name":"EmpowerHer","url":"https:\/\/empowermigrantwomen.eu\/fr\/","logo":{"@type":"ImageObject","inLanguage":"fr-FR","@id":"https:\/\/empowermigrantwomen.eu\/fr\/#\/schema\/logo\/image\/","url":"https:\/\/empowermigrantwomen.eu\/wp-content\/uploads\/2025\/04\/EmpowerHer-horizontal-logo.png","contentUrl":"https:\/\/empowermigrantwomen.eu\/wp-content\/uploads\/2025\/04\/EmpowerHer-horizontal-logo.png","width":4096,"height":1543,"caption":"EmpowerHer"},"image":{"@id":"https:\/\/empowermigrantwomen.eu\/fr\/#\/schema\/logo\/image\/"}},{"@type":"Person","@id":"https:\/\/empowermigrantwomen.eu\/fr\/#\/schema\/person\/7f16ce8b22340d8edcafcc9795e6bc29","name":"empowerher","image":{"@type":"ImageObject","inLanguage":"fr-FR","@id":"https:\/\/secure.gravatar.com\/avatar\/d72d70e7a7995c01f626e4d1c4ed97de16eb87b8f1cc8814a5c830fd3734c74f?s=96&d=mm&r=g","url":"https:\/\/secure.gravatar.com\/avatar\/d72d70e7a7995c01f626e4d1c4ed97de16eb87b8f1cc8814a5c830fd3734c74f?s=96&d=mm&r=g","contentUrl":"https:\/\/secure.gravatar.com\/avatar\/d72d70e7a7995c01f626e4d1c4ed97de16eb87b8f1cc8814a5c830fd3734c74f?s=96&d=mm&r=g","caption":"empowerher"},"sameAs":["https:\/\/empowermigrantwoman.eu"],"url":"https:\/\/empowermigrantwomen.eu\/fr\/author\/empowerher"}]}},"_links":{"self":[{"href":"https:\/\/empowermigrantwomen.eu\/fr\/wp-json\/wp\/v2\/posts\/1222","targetHints":{"allow":["GET"]}}],"collection":[{"href":"https:\/\/empowermigrantwomen.eu\/fr\/wp-json\/wp\/v2\/posts"}],"about":[{"href":"https:\/\/empowermigrantwomen.eu\/fr\/wp-json\/wp\/v2\/types\/post"}],"author":[{"embeddable":true,"href":"https:\/\/empowermigrantwomen.eu\/fr\/wp-json\/wp\/v2\/users\/1"}],"replies":[{"embeddable":true,"href":"https:\/\/empowermigrantwomen.eu\/fr\/wp-json\/wp\/v2\/comments?post=1222"}],"version-history":[{"count":1,"href":"https:\/\/empowermigrantwomen.eu\/fr\/wp-json\/wp\/v2\/posts\/1222\/revisions"}],"predecessor-version":[{"id":1223,"href":"https:\/\/empowermigrantwomen.eu\/fr\/wp-json\/wp\/v2\/posts\/1222\/revisions\/1223"}],"wp:featuredmedia":[{"embeddable":true,"href":"https:\/\/empowermigrantwomen.eu\/fr\/wp-json\/wp\/v2\/media\/1153"}],"wp:attachment":[{"href":"https:\/\/empowermigrantwomen.eu\/fr\/wp-json\/wp\/v2\/media?parent=1222"}],"wp:term":[{"taxonomy":"category","embeddable":true,"href":"https:\/\/empowermigrantwomen.eu\/fr\/wp-json\/wp\/v2\/categories?post=1222"},{"taxonomy":"post_tag","embeddable":true,"href":"https:\/\/empowermigrantwomen.eu\/fr\/wp-json\/wp\/v2\/tags?post=1222"}],"curies":[{"name":"wp","href":"https:\/\/api.w.org\/{rel}","templated":true}]}}