{"id":1251,"date":"2026-01-13T08:52:09","date_gmt":"2026-01-13T08:52:09","guid":{"rendered":"https:\/\/empowermigrantwomen.eu\/empowerher-dans-elm-mgazine"},"modified":"2026-01-13T08:57:49","modified_gmt":"2026-01-13T08:57:49","slug":"empowerher-dans-elm-mgazine","status":"publish","type":"post","link":"https:\/\/empowermigrantwomen.eu\/fr\/empowerher-dans-elm-mgazine","title":{"rendered":"EmpowerHer dans ELM Mgazine"},"content":{"rendered":"\t\t<div data-elementor-type=\"wp-post\" data-elementor-id=\"1251\" class=\"elementor elementor-1251 elementor-1232\" data-elementor-post-type=\"post\">\n\t\t\t\t<div class=\"elementor-element elementor-element-fe40ca5 e-flex e-con-boxed e-con e-parent\" data-id=\"fe40ca5\" data-element_type=\"container\" data-e-type=\"container\">\n\t\t\t\t\t<div class=\"e-con-inner\">\n\t\t\t\t<div class=\"elementor-element elementor-element-978dec5 elementor-widget elementor-widget-text-editor\" data-id=\"978dec5\" data-element_type=\"widget\" data-e-type=\"widget\" data-widget_type=\"text-editor.default\">\n\t\t\t\t<div class=\"elementor-widget-container\">\n\t\t\t\t\t\t\t\t\t<p>ELM Magazine a publi\u00e9 une interview int\u00e9ressante avec notre partenaire de projet, Mona Pielorz, dans laquelle elle \u00e9voque le r\u00f4le du projet EmpowerHer dans l\u2019\u00e9largissement des opportunit\u00e9s pour les femmes migrantes gr\u00e2ce \u00e0 la reconnaissance de leurs comp\u00e9tences et exp\u00e9riences. L\u2019article explique comment la Reconnaissance des Acquis de l\u2019Exp\u00e9rience (Recognition of Prior Learning \u2013 RPL) peut les aider \u00e0 valoriser leurs comp\u00e9tences, renforcer leur confiance et ouvrir de nouvelles perspectives sur le march\u00e9 du travail europ\u00e9en. <\/p>\t\t\t\t\t\t\t\t<\/div>\n\t\t\t\t<\/div>\n\t\t\t\t<div data-dce-background-color=\"#9FDD2A\" class=\"elementor-element elementor-element-7e4cb99 elementor-align-center elementor-widget elementor-widget-button\" data-id=\"7e4cb99\" data-element_type=\"widget\" data-e-type=\"widget\" data-widget_type=\"button.default\">\n\t\t\t\t<div class=\"elementor-widget-container\">\n\t\t\t\t\t\t\t\t\t<div class=\"elementor-button-wrapper\">\n\t\t\t\t\t<a class=\"elementor-button elementor-button-link elementor-size-sm\" href=\"https:\/\/elmmagazine.eu\/recognition-of-prior-learning-helps-migrant-women-unlock-their-potential\/?utm_source=chatgpt.com\" target=\"_blank\">\n\t\t\t\t\t\t<span class=\"elementor-button-content-wrapper\">\n\t\t\t\t\t\t<span class=\"elementor-button-icon\">\n\t\t\t\t<svg aria-hidden=\"true\" class=\"e-font-icon-svg e-fas-external-link-alt\" viewBox=\"0 0 512 512\" xmlns=\"http:\/\/www.w3.org\/2000\/svg\"><path d=\"M432,320H400a16,16,0,0,0-16,16V448H64V128H208a16,16,0,0,0,16-16V80a16,16,0,0,0-16-16H48A48,48,0,0,0,0,112V464a48,48,0,0,0,48,48H400a48,48,0,0,0,48-48V336A16,16,0,0,0,432,320ZM488,0h-128c-21.37,0-32.05,25.91-17,41l35.73,35.73L135,320.37a24,24,0,0,0,0,34L157.67,377a24,24,0,0,0,34,0L435.28,133.32,471,169c15,15,41,4.5,41-17V24A24,24,0,0,0,488,0Z\"><\/path><\/svg>\t\t\t<\/span>\n\t\t\t\t\t\t\t\t\t<span class=\"elementor-button-text\">Lisez l'article complet ici<\/span>\n\t\t\t\t\t<\/span>\n\t\t\t\t\t<\/a>\n\t\t\t\t<\/div>\n\t\t\t\t\t\t\t\t<\/div>\n\t\t\t\t<\/div>\n\t\t\t\t\t<\/div>\n\t\t\t\t<\/div>\n\t\t\t\t<\/div>\n\t\t","protected":false},"excerpt":{"rendered":"<p>ELM Magazine a publi\u00e9 une interview int\u00e9ressante avec notre partenaire de projet, Mona Pielorz, dans laquelle elle \u00e9voque le r\u00f4le du projet EmpowerHer dans l\u2019\u00e9largissement des opportunit\u00e9s pour les femmes migrantes gr\u00e2ce \u00e0 la reconnaissance de leurs comp\u00e9tences et exp\u00e9riences. L\u2019article explique comment la Reconnaissance des Acquis de l\u2019Exp\u00e9rience (Recognition of Prior Learning \u2013 RPL) [&hellip;]<\/p>\n","protected":false},"author":1,"featured_media":1250,"comment_status":"closed","ping_status":"open","sticky":false,"template":"","format":"standard","meta":{"_eb_attr":"","footnotes":""},"categories":[48],"tags":[],"class_list":["post-1251","post","type-post","status-publish","format-standard","has-post-thumbnail","hentry","category-actualites"],"yoast_head":"<!-- This site is optimized with the Yoast SEO plugin v27.4 - https:\/\/yoast.com\/product\/yoast-seo-wordpress\/ -->\n<title>EmpowerHer dans ELM Mgazine - EmpowerHer<\/title>\n<meta name=\"robots\" content=\"index, follow, max-snippet:-1, max-image-preview:large, max-video-preview:-1\" \/>\n<link rel=\"canonical\" href=\"https:\/\/empowermigrantwomen.eu\/fr\/empowerher-dans-elm-mgazine\" \/>\n<meta property=\"og:locale\" content=\"fr_FR\" \/>\n<meta property=\"og:type\" content=\"article\" \/>\n<meta property=\"og:title\" content=\"EmpowerHer dans ELM Mgazine - EmpowerHer\" \/>\n<meta property=\"og:description\" content=\"ELM Magazine a publi\u00e9 une interview int\u00e9ressante avec notre partenaire de projet, Mona Pielorz, dans laquelle elle \u00e9voque le r\u00f4le du projet EmpowerHer dans l\u2019\u00e9largissement des opportunit\u00e9s pour les femmes migrantes gr\u00e2ce \u00e0 la reconnaissance de leurs comp\u00e9tences et exp\u00e9riences. L\u2019article explique comment la Reconnaissance des Acquis de l\u2019Exp\u00e9rience (Recognition of Prior Learning \u2013 RPL) [&hellip;]\" \/>\n<meta property=\"og:url\" content=\"https:\/\/empowermigrantwomen.eu\/fr\/empowerher-dans-elm-mgazine\" \/>\n<meta property=\"og:site_name\" content=\"EmpowerHer\" \/>\n<meta property=\"article:published_time\" content=\"2026-01-13T08:52:09+00:00\" \/>\n<meta property=\"article:modified_time\" content=\"2026-01-13T08:57:49+00:00\" \/>\n<meta property=\"og:image\" content=\"https:\/\/empowermigrantwomen.eu\/wp-content\/uploads\/2026\/01\/uusi-OK-for-WP-M_Pielorz_25.jpg\" \/>\n\t<meta property=\"og:image:width\" content=\"2111\" \/>\n\t<meta property=\"og:image:height\" content=\"1926\" \/>\n\t<meta property=\"og:image:type\" content=\"image\/jpeg\" \/>\n<meta name=\"author\" content=\"empowerher\" \/>\n<meta name=\"twitter:card\" content=\"summary_large_image\" \/>\n<meta name=\"twitter:label1\" content=\"\u00c9crit par\" \/>\n\t<meta name=\"twitter:data1\" content=\"empowerher\" \/>\n<script type=\"application\/ld+json\" class=\"yoast-schema-graph\">{\"@context\":\"https:\\\/\\\/schema.org\",\"@graph\":[{\"@type\":\"Article\",\"@id\":\"https:\\\/\\\/empowermigrantwomen.eu\\\/fr\\\/empowerher-dans-elm-mgazine#article\",\"isPartOf\":{\"@id\":\"https:\\\/\\\/empowermigrantwomen.eu\\\/fr\\\/empowerher-dans-elm-mgazine\"},\"author\":{\"name\":\"empowerher\",\"@id\":\"https:\\\/\\\/empowermigrantwomen.eu\\\/fr\\\/#\\\/schema\\\/person\\\/7f16ce8b22340d8edcafcc9795e6bc29\"},\"headline\":\"EmpowerHer dans ELM Mgazine\",\"datePublished\":\"2026-01-13T08:52:09+00:00\",\"dateModified\":\"2026-01-13T08:57:49+00:00\",\"mainEntityOfPage\":{\"@id\":\"https:\\\/\\\/empowermigrantwomen.eu\\\/fr\\\/empowerher-dans-elm-mgazine\"},\"wordCount\":94,\"publisher\":{\"@id\":\"https:\\\/\\\/empowermigrantwomen.eu\\\/fr\\\/#organization\"},\"image\":{\"@id\":\"https:\\\/\\\/empowermigrantwomen.eu\\\/fr\\\/empowerher-dans-elm-mgazine#primaryimage\"},\"thumbnailUrl\":\"https:\\\/\\\/empowermigrantwomen.eu\\\/wp-content\\\/uploads\\\/2026\\\/01\\\/uusi-OK-for-WP-M_Pielorz_25.jpg\",\"articleSection\":[\"Actualit\u00e9s\"],\"inLanguage\":\"fr-FR\"},{\"@type\":\"WebPage\",\"@id\":\"https:\\\/\\\/empowermigrantwomen.eu\\\/fr\\\/empowerher-dans-elm-mgazine\",\"url\":\"https:\\\/\\\/empowermigrantwomen.eu\\\/fr\\\/empowerher-dans-elm-mgazine\",\"name\":\"EmpowerHer dans ELM Mgazine - EmpowerHer\",\"isPartOf\":{\"@id\":\"https:\\\/\\\/empowermigrantwomen.eu\\\/fr\\\/#website\"},\"primaryImageOfPage\":{\"@id\":\"https:\\\/\\\/empowermigrantwomen.eu\\\/fr\\\/empowerher-dans-elm-mgazine#primaryimage\"},\"image\":{\"@id\":\"https:\\\/\\\/empowermigrantwomen.eu\\\/fr\\\/empowerher-dans-elm-mgazine#primaryimage\"},\"thumbnailUrl\":\"https:\\\/\\\/empowermigrantwomen.eu\\\/wp-content\\\/uploads\\\/2026\\\/01\\\/uusi-OK-for-WP-M_Pielorz_25.jpg\",\"datePublished\":\"2026-01-13T08:52:09+00:00\",\"dateModified\":\"2026-01-13T08:57:49+00:00\",\"breadcrumb\":{\"@id\":\"https:\\\/\\\/empowermigrantwomen.eu\\\/fr\\\/empowerher-dans-elm-mgazine#breadcrumb\"},\"inLanguage\":\"fr-FR\",\"potentialAction\":[{\"@type\":\"ReadAction\",\"target\":[\"https:\\\/\\\/empowermigrantwomen.eu\\\/fr\\\/empowerher-dans-elm-mgazine\"]}]},{\"@type\":\"ImageObject\",\"inLanguage\":\"fr-FR\",\"@id\":\"https:\\\/\\\/empowermigrantwomen.eu\\\/fr\\\/empowerher-dans-elm-mgazine#primaryimage\",\"url\":\"https:\\\/\\\/empowermigrantwomen.eu\\\/wp-content\\\/uploads\\\/2026\\\/01\\\/uusi-OK-for-WP-M_Pielorz_25.jpg\",\"contentUrl\":\"https:\\\/\\\/empowermigrantwomen.eu\\\/wp-content\\\/uploads\\\/2026\\\/01\\\/uusi-OK-for-WP-M_Pielorz_25.jpg\",\"width\":2111,\"height\":1926},{\"@type\":\"BreadcrumbList\",\"@id\":\"https:\\\/\\\/empowermigrantwomen.eu\\\/fr\\\/empowerher-dans-elm-mgazine#breadcrumb\",\"itemListElement\":[{\"@type\":\"ListItem\",\"position\":1,\"name\":\"Home\",\"item\":\"https:\\\/\\\/empowermigrantwomen.eu\\\/fr\"},{\"@type\":\"ListItem\",\"position\":2,\"name\":\"EmpowerHer dans ELM Mgazine\"}]},{\"@type\":\"WebSite\",\"@id\":\"https:\\\/\\\/empowermigrantwomen.eu\\\/fr\\\/#website\",\"url\":\"https:\\\/\\\/empowermigrantwomen.eu\\\/fr\\\/\",\"name\":\"EmpowerHer\",\"description\":\"\",\"publisher\":{\"@id\":\"https:\\\/\\\/empowermigrantwomen.eu\\\/fr\\\/#organization\"},\"potentialAction\":[{\"@type\":\"SearchAction\",\"target\":{\"@type\":\"EntryPoint\",\"urlTemplate\":\"https:\\\/\\\/empowermigrantwomen.eu\\\/fr\\\/?s={search_term_string}\"},\"query-input\":{\"@type\":\"PropertyValueSpecification\",\"valueRequired\":true,\"valueName\":\"search_term_string\"}}],\"inLanguage\":\"fr-FR\"},{\"@type\":\"Organization\",\"@id\":\"https:\\\/\\\/empowermigrantwomen.eu\\\/fr\\\/#organization\",\"name\":\"EmpowerHer\",\"url\":\"https:\\\/\\\/empowermigrantwomen.eu\\\/fr\\\/\",\"logo\":{\"@type\":\"ImageObject\",\"inLanguage\":\"fr-FR\",\"@id\":\"https:\\\/\\\/empowermigrantwomen.eu\\\/fr\\\/#\\\/schema\\\/logo\\\/image\\\/\",\"url\":\"https:\\\/\\\/empowermigrantwomen.eu\\\/wp-content\\\/uploads\\\/2025\\\/04\\\/EmpowerHer-horizontal-logo.png\",\"contentUrl\":\"https:\\\/\\\/empowermigrantwomen.eu\\\/wp-content\\\/uploads\\\/2025\\\/04\\\/EmpowerHer-horizontal-logo.png\",\"width\":4096,\"height\":1543,\"caption\":\"EmpowerHer\"},\"image\":{\"@id\":\"https:\\\/\\\/empowermigrantwomen.eu\\\/fr\\\/#\\\/schema\\\/logo\\\/image\\\/\"}},{\"@type\":\"Person\",\"@id\":\"https:\\\/\\\/empowermigrantwomen.eu\\\/fr\\\/#\\\/schema\\\/person\\\/7f16ce8b22340d8edcafcc9795e6bc29\",\"name\":\"empowerher\",\"image\":{\"@type\":\"ImageObject\",\"inLanguage\":\"fr-FR\",\"@id\":\"https:\\\/\\\/secure.gravatar.com\\\/avatar\\\/d72d70e7a7995c01f626e4d1c4ed97de16eb87b8f1cc8814a5c830fd3734c74f?s=96&d=mm&r=g\",\"url\":\"https:\\\/\\\/secure.gravatar.com\\\/avatar\\\/d72d70e7a7995c01f626e4d1c4ed97de16eb87b8f1cc8814a5c830fd3734c74f?s=96&d=mm&r=g\",\"contentUrl\":\"https:\\\/\\\/secure.gravatar.com\\\/avatar\\\/d72d70e7a7995c01f626e4d1c4ed97de16eb87b8f1cc8814a5c830fd3734c74f?s=96&d=mm&r=g\",\"caption\":\"empowerher\"},\"sameAs\":[\"https:\\\/\\\/empowermigrantwoman.eu\"],\"url\":\"https:\\\/\\\/empowermigrantwomen.eu\\\/fr\\\/author\\\/empowerher\"}]}<\/script>\n<!-- \/ Yoast SEO plugin. -->","yoast_head_json":{"title":"EmpowerHer dans ELM Mgazine - EmpowerHer","robots":{"index":"index","follow":"follow","max-snippet":"max-snippet:-1","max-image-preview":"max-image-preview:large","max-video-preview":"max-video-preview:-1"},"canonical":"https:\/\/empowermigrantwomen.eu\/fr\/empowerher-dans-elm-mgazine","og_locale":"fr_FR","og_type":"article","og_title":"EmpowerHer dans ELM Mgazine - EmpowerHer","og_description":"ELM Magazine a publi\u00e9 une interview int\u00e9ressante avec notre partenaire de projet, Mona Pielorz, dans laquelle elle \u00e9voque le r\u00f4le du projet EmpowerHer dans l\u2019\u00e9largissement des opportunit\u00e9s pour les femmes migrantes gr\u00e2ce \u00e0 la reconnaissance de leurs comp\u00e9tences et exp\u00e9riences. L\u2019article explique comment la Reconnaissance des Acquis de l\u2019Exp\u00e9rience (Recognition of Prior Learning \u2013 RPL) [&hellip;]","og_url":"https:\/\/empowermigrantwomen.eu\/fr\/empowerher-dans-elm-mgazine","og_site_name":"EmpowerHer","article_published_time":"2026-01-13T08:52:09+00:00","article_modified_time":"2026-01-13T08:57:49+00:00","og_image":[{"width":2111,"height":1926,"url":"https:\/\/empowermigrantwomen.eu\/wp-content\/uploads\/2026\/01\/uusi-OK-for-WP-M_Pielorz_25.jpg","type":"image\/jpeg"}],"author":"empowerher","twitter_card":"summary_large_image","twitter_misc":{"\u00c9crit par":"empowerher"},"schema":{"@context":"https:\/\/schema.org","@graph":[{"@type":"Article","@id":"https:\/\/empowermigrantwomen.eu\/fr\/empowerher-dans-elm-mgazine#article","isPartOf":{"@id":"https:\/\/empowermigrantwomen.eu\/fr\/empowerher-dans-elm-mgazine"},"author":{"name":"empowerher","@id":"https:\/\/empowermigrantwomen.eu\/fr\/#\/schema\/person\/7f16ce8b22340d8edcafcc9795e6bc29"},"headline":"EmpowerHer dans ELM Mgazine","datePublished":"2026-01-13T08:52:09+00:00","dateModified":"2026-01-13T08:57:49+00:00","mainEntityOfPage":{"@id":"https:\/\/empowermigrantwomen.eu\/fr\/empowerher-dans-elm-mgazine"},"wordCount":94,"publisher":{"@id":"https:\/\/empowermigrantwomen.eu\/fr\/#organization"},"image":{"@id":"https:\/\/empowermigrantwomen.eu\/fr\/empowerher-dans-elm-mgazine#primaryimage"},"thumbnailUrl":"https:\/\/empowermigrantwomen.eu\/wp-content\/uploads\/2026\/01\/uusi-OK-for-WP-M_Pielorz_25.jpg","articleSection":["Actualit\u00e9s"],"inLanguage":"fr-FR"},{"@type":"WebPage","@id":"https:\/\/empowermigrantwomen.eu\/fr\/empowerher-dans-elm-mgazine","url":"https:\/\/empowermigrantwomen.eu\/fr\/empowerher-dans-elm-mgazine","name":"EmpowerHer dans ELM Mgazine - EmpowerHer","isPartOf":{"@id":"https:\/\/empowermigrantwomen.eu\/fr\/#website"},"primaryImageOfPage":{"@id":"https:\/\/empowermigrantwomen.eu\/fr\/empowerher-dans-elm-mgazine#primaryimage"},"image":{"@id":"https:\/\/empowermigrantwomen.eu\/fr\/empowerher-dans-elm-mgazine#primaryimage"},"thumbnailUrl":"https:\/\/empowermigrantwomen.eu\/wp-content\/uploads\/2026\/01\/uusi-OK-for-WP-M_Pielorz_25.jpg","datePublished":"2026-01-13T08:52:09+00:00","dateModified":"2026-01-13T08:57:49+00:00","breadcrumb":{"@id":"https:\/\/empowermigrantwomen.eu\/fr\/empowerher-dans-elm-mgazine#breadcrumb"},"inLanguage":"fr-FR","potentialAction":[{"@type":"ReadAction","target":["https:\/\/empowermigrantwomen.eu\/fr\/empowerher-dans-elm-mgazine"]}]},{"@type":"ImageObject","inLanguage":"fr-FR","@id":"https:\/\/empowermigrantwomen.eu\/fr\/empowerher-dans-elm-mgazine#primaryimage","url":"https:\/\/empowermigrantwomen.eu\/wp-content\/uploads\/2026\/01\/uusi-OK-for-WP-M_Pielorz_25.jpg","contentUrl":"https:\/\/empowermigrantwomen.eu\/wp-content\/uploads\/2026\/01\/uusi-OK-for-WP-M_Pielorz_25.jpg","width":2111,"height":1926},{"@type":"BreadcrumbList","@id":"https:\/\/empowermigrantwomen.eu\/fr\/empowerher-dans-elm-mgazine#breadcrumb","itemListElement":[{"@type":"ListItem","position":1,"name":"Home","item":"https:\/\/empowermigrantwomen.eu\/fr"},{"@type":"ListItem","position":2,"name":"EmpowerHer dans ELM Mgazine"}]},{"@type":"WebSite","@id":"https:\/\/empowermigrantwomen.eu\/fr\/#website","url":"https:\/\/empowermigrantwomen.eu\/fr\/","name":"EmpowerHer","description":"","publisher":{"@id":"https:\/\/empowermigrantwomen.eu\/fr\/#organization"},"potentialAction":[{"@type":"SearchAction","target":{"@type":"EntryPoint","urlTemplate":"https:\/\/empowermigrantwomen.eu\/fr\/?s={search_term_string}"},"query-input":{"@type":"PropertyValueSpecification","valueRequired":true,"valueName":"search_term_string"}}],"inLanguage":"fr-FR"},{"@type":"Organization","@id":"https:\/\/empowermigrantwomen.eu\/fr\/#organization","name":"EmpowerHer","url":"https:\/\/empowermigrantwomen.eu\/fr\/","logo":{"@type":"ImageObject","inLanguage":"fr-FR","@id":"https:\/\/empowermigrantwomen.eu\/fr\/#\/schema\/logo\/image\/","url":"https:\/\/empowermigrantwomen.eu\/wp-content\/uploads\/2025\/04\/EmpowerHer-horizontal-logo.png","contentUrl":"https:\/\/empowermigrantwomen.eu\/wp-content\/uploads\/2025\/04\/EmpowerHer-horizontal-logo.png","width":4096,"height":1543,"caption":"EmpowerHer"},"image":{"@id":"https:\/\/empowermigrantwomen.eu\/fr\/#\/schema\/logo\/image\/"}},{"@type":"Person","@id":"https:\/\/empowermigrantwomen.eu\/fr\/#\/schema\/person\/7f16ce8b22340d8edcafcc9795e6bc29","name":"empowerher","image":{"@type":"ImageObject","inLanguage":"fr-FR","@id":"https:\/\/secure.gravatar.com\/avatar\/d72d70e7a7995c01f626e4d1c4ed97de16eb87b8f1cc8814a5c830fd3734c74f?s=96&d=mm&r=g","url":"https:\/\/secure.gravatar.com\/avatar\/d72d70e7a7995c01f626e4d1c4ed97de16eb87b8f1cc8814a5c830fd3734c74f?s=96&d=mm&r=g","contentUrl":"https:\/\/secure.gravatar.com\/avatar\/d72d70e7a7995c01f626e4d1c4ed97de16eb87b8f1cc8814a5c830fd3734c74f?s=96&d=mm&r=g","caption":"empowerher"},"sameAs":["https:\/\/empowermigrantwoman.eu"],"url":"https:\/\/empowermigrantwomen.eu\/fr\/author\/empowerher"}]}},"_links":{"self":[{"href":"https:\/\/empowermigrantwomen.eu\/fr\/wp-json\/wp\/v2\/posts\/1251","targetHints":{"allow":["GET"]}}],"collection":[{"href":"https:\/\/empowermigrantwomen.eu\/fr\/wp-json\/wp\/v2\/posts"}],"about":[{"href":"https:\/\/empowermigrantwomen.eu\/fr\/wp-json\/wp\/v2\/types\/post"}],"author":[{"embeddable":true,"href":"https:\/\/empowermigrantwomen.eu\/fr\/wp-json\/wp\/v2\/users\/1"}],"replies":[{"embeddable":true,"href":"https:\/\/empowermigrantwomen.eu\/fr\/wp-json\/wp\/v2\/comments?post=1251"}],"version-history":[{"count":1,"href":"https:\/\/empowermigrantwomen.eu\/fr\/wp-json\/wp\/v2\/posts\/1251\/revisions"}],"predecessor-version":[{"id":1252,"href":"https:\/\/empowermigrantwomen.eu\/fr\/wp-json\/wp\/v2\/posts\/1251\/revisions\/1252"}],"wp:featuredmedia":[{"embeddable":true,"href":"https:\/\/empowermigrantwomen.eu\/fr\/wp-json\/wp\/v2\/media\/1250"}],"wp:attachment":[{"href":"https:\/\/empowermigrantwomen.eu\/fr\/wp-json\/wp\/v2\/media?parent=1251"}],"wp:term":[{"taxonomy":"category","embeddable":true,"href":"https:\/\/empowermigrantwomen.eu\/fr\/wp-json\/wp\/v2\/categories?post=1251"},{"taxonomy":"post_tag","embeddable":true,"href":"https:\/\/empowermigrantwomen.eu\/fr\/wp-json\/wp\/v2\/tags?post=1251"}],"curies":[{"name":"wp","href":"https:\/\/api.w.org\/{rel}","templated":true}]}}