{"id":1076,"date":"2025-06-03T06:50:53","date_gmt":"2025-06-03T06:50:53","guid":{"rendered":"https:\/\/empowermigrantwomen.eu\/a-ideia-subjacente-ao-empowerher-libertar-o-potencial-da-europa-atraves-da-integracao-inclusiva"},"modified":"2025-10-27T11:09:58","modified_gmt":"2025-10-27T11:09:58","slug":"a-ideia-subjacente-ao-empowerher-libertar-o-potencial-da-europa-atraves-da-integracao-inclusiva","status":"publish","type":"post","link":"https:\/\/empowermigrantwomen.eu\/pt-pt\/a-ideia-subjacente-ao-empowerher-libertar-o-potencial-da-europa-atraves-da-integracao-inclusiva","title":{"rendered":"A ideia subjacente ao EmpowerHer: libertar o potencial da Europa atrav\u00e9s da integra\u00e7\u00e3o inclusiva"},"content":{"rendered":"\n<p><\/p>\n\n<p><strong>Por Katrin Echtermeyer | Wisamar, Alemanha<\/strong><\/p>\n\n<p>Numa \u00e9poca de r\u00e1pida transforma\u00e7\u00e3o da sociedade, o apelo a comunidades mais inclusivas e resilientes nunca foi t\u00e3o forte. Em toda a Europa, as mulheres migrantes continuam a ser um dos grupos mais sub-representados, embora promissores, no mercado de trabalho. A iniciativa EmpowerHer tem como objetivo alterar esta situa\u00e7\u00e3o &#8211; n\u00e3o s\u00f3 atrav\u00e9s do desenvolvimento de compet\u00eancias espec\u00edficas, mas tamb\u00e9m atrav\u00e9s da cria\u00e7\u00e3o de mudan\u00e7as estruturais na forma como as sociedades e os mercados de trabalho abordam a integra\u00e7\u00e3o.  <\/p>\n\n<figure class=\"wp-block-image size-large\"><img fetchpriority=\"high\" decoding=\"async\" width=\"1024\" height=\"771\" src=\"https:\/\/empowermigrantwomen.eu\/wp-content\/uploads\/2025\/06\/The-idea-behind-EmpowerHer-01-1024x771.jpg\" alt=\"\" class=\"wp-image-601\" srcset=\"https:\/\/empowermigrantwomen.eu\/wp-content\/uploads\/2025\/06\/The-idea-behind-EmpowerHer-01-1024x771.jpg 1024w, https:\/\/empowermigrantwomen.eu\/wp-content\/uploads\/2025\/06\/The-idea-behind-EmpowerHer-01-300x226.jpg 300w, https:\/\/empowermigrantwomen.eu\/wp-content\/uploads\/2025\/06\/The-idea-behind-EmpowerHer-01-768x578.jpg 768w, https:\/\/empowermigrantwomen.eu\/wp-content\/uploads\/2025\/06\/The-idea-behind-EmpowerHer-01.jpg 1299w\" sizes=\"(max-width: 1024px) 100vw, 1024px\" \/><\/figure>\n\n<h2 class=\"wp-block-heading\">Um desafio europeu partilhado<\/h2>\n\n<p>A integra\u00e7\u00e3o das mulheres migrantes n\u00e3o \u00e9 uma quest\u00e3o nacional; \u00e9 uma responsabilidade europeia partilhada. Embora os dados espec\u00edficos de cada pa\u00eds &#8211; como os 22,3 milh\u00f5es de residentes na Alemanha com antecedentes migrat\u00f3rios &#8211; forne\u00e7am um contexto, os desafios subjacentes s\u00e3o consistentes para al\u00e9m das fronteiras: as mulheres qualificadas s\u00e3o frequentemente exclu\u00eddas de um emprego significativo devido a barreiras sist\u00e9micas. <\/p>\n\n<p>Os obst\u00e1culos lingu\u00edsticos, os sistemas sociais desconhecidos e a falta de apoio espec\u00edfico levam muitas mulheres migrantes a desempenhar fun\u00e7\u00f5es prec\u00e1rias, a tempo parcial ou pouco qualificadas. Ao mesmo tempo, os mercados de trabalho europeus est\u00e3o a enfrentar uma grave escassez de compet\u00eancias &#8211; s\u00f3 a Alemanha regista mais de meio milh\u00e3o de postos de trabalho vagos. O desfasamento \u00e9 evidente: embora as mulheres qualificadas estejam ansiosas por contribuir, as estruturas de apoio \u00e0 sua inclus\u00e3o permanecem fragmentadas.  <\/p>\n\n<h2 class=\"wp-block-heading\">Das lacunas de compet\u00eancias \u00e0 mudan\u00e7a sist\u00e9mica<\/h2>\n\n<p>Para resolver este problema, o EmpowerHer re\u00fane seis organiza\u00e7\u00f5es de cinco pa\u00edses europeus &#8211; Alemanha, Portugal, Fran\u00e7a, Chipre e Espanha &#8211; na equipa do projeto. O objetivo \u00e9 colmatar esta lacuna a partir de v\u00e1rios \u00e2ngulos &#8211; atrav\u00e9s do desenvolvimento de compet\u00eancias, do ensino inclusivo, da sensibiliza\u00e7\u00e3o dos empregadores e da consciencializa\u00e7\u00e3o do p\u00fablico. <\/p>\n\n<p>Em vez de esperar que as mulheres migrantes simplesmente \u201crecuperem o atraso\u201d, o projeto promover\u00e1 um modelo de adapta\u00e7\u00e3o m\u00fatua: desenvolver as capacidades dos educadores de adultos e dos locais de trabalho, ao mesmo tempo que apoia as mulheres a aumentarem as suas compet\u00eancias e confian\u00e7a. O objetivo n\u00e3o \u00e9 apenas preparar as mulheres para o mercado de trabalho, mas tamb\u00e9m assegurar que o mercado de trabalho est\u00e1 preparado para as receber. <\/p>\n\n<h2 class=\"wp-block-heading\">Uma equipa que incorpora a diversidade<\/h2>\n\n<p>EmpowerHer n\u00e3o \u00e9 apenas um projeto europeu &#8211; \u00e9 moldado por uma equipa que vive e respira experi\u00eancia intercultural. Muitos dos profissionais envolvidos viveram, trabalharam ou estudaram em pa\u00edses diferentes do seu. Esta perspetiva internacional partilhada informa a abordagem do projeto e promove um profundo compromisso com a empatia, a abertura cultural e a colabora\u00e7\u00e3o al\u00e9m-fronteiras.  <\/p>\n\n<p>Trabalhar em equipas multilingues e interculturais \u00e9 mais do que uma realidade pr\u00e1tica &#8211; \u00e9 um ponto forte. Permite que o projeto desenvolva solu\u00e7\u00f5es baseadas na sensibilidade cultural e moldadas por realidades diversas. Esta diversidade interna reflete os valores que a EmpowerHer defende: respeito m\u00fatuo, adaptabilidade e crescimento inclusivo.  <\/p>\n\n<figure class=\"wp-block-image size-large\"><img decoding=\"async\" width=\"1024\" height=\"768\" src=\"https:\/\/empowermigrantwomen.eu\/wp-content\/uploads\/2025\/06\/The-idea-behind-EmpowerHer-03-1024x768.jpg\" alt=\"\" class=\"wp-image-603\" srcset=\"https:\/\/empowermigrantwomen.eu\/wp-content\/uploads\/2025\/06\/The-idea-behind-EmpowerHer-03-1024x768.jpg 1024w, https:\/\/empowermigrantwomen.eu\/wp-content\/uploads\/2025\/06\/The-idea-behind-EmpowerHer-03-300x225.jpg 300w, https:\/\/empowermigrantwomen.eu\/wp-content\/uploads\/2025\/06\/The-idea-behind-EmpowerHer-03-768x576.jpg 768w, https:\/\/empowermigrantwomen.eu\/wp-content\/uploads\/2025\/06\/The-idea-behind-EmpowerHer-03.jpg 1299w\" sizes=\"(max-width: 1024px) 100vw, 1024px\" \/><\/figure>\n\n<h2 class=\"wp-block-heading\">Tr\u00eas pilares de a\u00e7\u00e3o<\/h2>\n\n<h3 class=\"wp-block-heading\">1. Desenvolver compet\u00eancias atrav\u00e9s de uma aprendizagem adaptada<\/h3>\n\n<p>Cada mulher traz consigo um conjunto \u00fanico de experi\u00eancias, objectivos e pontos fortes. O EmpowerHer criar\u00e1 oportunidades de aprendizagem flex\u00edveis, acess\u00edveis e empoderadoras &#8211; tanto para as mulheres migrantes como para aqueles que as apoiam. <\/p>\n\n<p>Um elemento central ser\u00e1 um programa de forma\u00e7\u00e3o de seis m\u00f3dulos para educadores de adultos, concebido para refor\u00e7ar a sua capacidade de ensinar eficazmente compet\u00eancias transversais. A forma\u00e7\u00e3o incorporar\u00e1 m\u00e9todos centrados no ser humano e orientados para a pr\u00e1tica, adaptados \u00e0s necessidades dos alunos migrantes. Os educadores dos cinco pa\u00edses parceiros participar\u00e3o num evento de forma\u00e7\u00e3o transnacional para testar o programa, e as suas reac\u00e7\u00f5es dar\u00e3o forma \u00e0 vers\u00e3o final do curso.  <\/p>\n\n<p>As pr\u00f3prias mulheres migrantes beneficiar\u00e3o de duas ferramentas fundamentais: uma vers\u00e3o revista do ProfilPASS para ajudar a identificar e articular o seu potencial (oculto) e uma aplica\u00e7\u00e3o Web gamificada para apoiar o desenvolvimento de compet\u00eancias transversais de uma forma interactiva e sem barreiras. Estas ferramentas permitir\u00e3o \u00e0s mulheres apropriarem-se do seu desenvolvimento pessoal e profissional. <\/p>\n\n<h3 class=\"wp-block-heading\">2. Promover a colabora\u00e7\u00e3o entre sectores<\/h3>\n\n<p>A verdadeira inclus\u00e3o requer coopera\u00e7\u00e3o. \u00c9 por isso que a iniciativa EmpowerHer ir\u00e1 promover o di\u00e1logo entre as mulheres migrantes e as principais partes interessadas do mercado de trabalho. <\/p>\n\n<p>Um conjunto abrangente de ferramentas de integra\u00e7\u00e3o oferecer\u00e1 recursos e diretrizes aos empregadores para apoiar o recrutamento inclusivo e a integra\u00e7\u00e3o no local de trabalho. Para aprofundar este interc\u00e2mbio, o projeto organizar\u00e1 20 eventos de informa\u00e7\u00e3o em toda a Europa, criando espa\u00e7os onde as mulheres migrantes podem conhecer potenciais empregadores, informar-se sobre oportunidades de emprego e explorar pessoalmente os percursos profissionais. <\/p>\n\n<h3 class=\"wp-block-heading\">3. Promover a inclus\u00e3o para al\u00e9m do emprego<\/h3>\n\n<p>A integra\u00e7\u00e3o \u00e9 mais do que o emprego. Tem tamb\u00e9m a ver com visibilidade, reconhecimento e perten\u00e7a. <\/p>\n\n<p>Uma campanha internacional de sensibiliza\u00e7\u00e3o dar\u00e1 \u00e0s mulheres migrantes a oportunidade de partilharem as suas hist\u00f3rias &#8211; n\u00e3o apenas os seus \u00eaxitos, mas tamb\u00e9m as suas lutas quotidianas, barreiras e esperan\u00e7as para o futuro. Estas perspectivas ser\u00e3o captadas em retratos v\u00eddeo e noutros formatos multim\u00e9dia em todos os pa\u00edses parceiros, real\u00e7ando a diversidade e a humanidade por detr\u00e1s das estat\u00edsticas. <\/p>\n\n<p>A campanha desafiar\u00e1 os estere\u00f3tipos e mudar\u00e1 a narrativa p\u00fablica, mostrando as mulheres migrantes como agentes de mudan\u00e7a e n\u00e3o apenas como benefici\u00e1rias de apoio.<\/p>\n\n<figure class=\"wp-block-image size-large\"><img decoding=\"async\" width=\"1024\" height=\"732\" src=\"https:\/\/empowermigrantwomen.eu\/wp-content\/uploads\/2025\/06\/The-idea-behind-EmpowerHer-02-1024x732.jpg\" alt=\"\" class=\"wp-image-602\" srcset=\"https:\/\/empowermigrantwomen.eu\/wp-content\/uploads\/2025\/06\/The-idea-behind-EmpowerHer-02-1024x732.jpg 1024w, https:\/\/empowermigrantwomen.eu\/wp-content\/uploads\/2025\/06\/The-idea-behind-EmpowerHer-02-300x214.jpg 300w, https:\/\/empowermigrantwomen.eu\/wp-content\/uploads\/2025\/06\/The-idea-behind-EmpowerHer-02-768x549.jpg 768w, https:\/\/empowermigrantwomen.eu\/wp-content\/uploads\/2025\/06\/The-idea-behind-EmpowerHer-02-1536x1097.jpg 1536w, https:\/\/empowermigrantwomen.eu\/wp-content\/uploads\/2025\/06\/The-idea-behind-EmpowerHer-02.jpg 1600w\" sizes=\"(max-width: 1024px) 100vw, 1024px\" \/><\/figure>\n\n<h2 class=\"wp-block-heading\">Uma vis\u00e3o sustent\u00e1vel<\/h2>\n\n<p>O que distingue o EmpowerHer \u00e9 o seu compromisso com o impacto a longo prazo. O projeto n\u00e3o oferecer\u00e1 solu\u00e7\u00f5es de tamanho \u00fanico, mas construir\u00e1 um ecossistema de apoio baseado em necessidades reais, colabora\u00e7\u00e3o e inclus\u00e3o. Ao combinar aprendizagem personalizada, pr\u00e1ticas de emprego inclusivas e coopera\u00e7\u00e3o intersectorial, o EmpowerHer pretende contribuir para uma Europa mais coesa e diversificada.  <\/p>\n\n<p>Em vez de oferecer solu\u00e7\u00f5es r\u00e1pidas, o projeto lan\u00e7ar\u00e1 as bases para um di\u00e1logo cont\u00ednuo e mudan\u00e7as pr\u00e1ticas &#8211; aproximando-nos de uma sociedade onde as mulheres migrantes possam prosperar, contribuir de forma significativa e pertencer verdadeiramente.<\/p>\n","protected":false},"excerpt":{"rendered":"<p>Por Katrin Echtermeyer | Wisamar, Alemanha Numa \u00e9poca de r\u00e1pida transforma\u00e7\u00e3o da sociedade, o apelo a comunidades mais inclusivas e resilientes nunca foi t\u00e3o forte. Em toda a Europa, as mulheres migrantes continuam a ser um dos grupos mais sub-representados, embora promissores, no mercado de trabalho. A iniciativa EmpowerHer tem como objetivo alterar esta situa\u00e7\u00e3o [&hellip;]<\/p>\n","protected":false},"author":1,"featured_media":800,"comment_status":"open","ping_status":"open","sticky":false,"template":"","format":"standard","meta":{"_eb_attr":"","footnotes":""},"categories":[41],"tags":[],"class_list":["post-1076","post","type-post","status-publish","format-standard","has-post-thumbnail","hentry","category-artigo"],"yoast_head":"<!-- This site is optimized with the Yoast SEO plugin v27.4 - https:\/\/yoast.com\/product\/yoast-seo-wordpress\/ -->\n<title>A ideia subjacente ao EmpowerHer: libertar o potencial da Europa atrav\u00e9s da integra\u00e7\u00e3o inclusiva - EmpowerHer<\/title>\n<meta name=\"robots\" content=\"index, follow, max-snippet:-1, max-image-preview:large, max-video-preview:-1\" \/>\n<link rel=\"canonical\" href=\"https:\/\/empowermigrantwomen.eu\/the-idea-behind-empowerher-unlocking-europes-potential-through-inclusive-integration\" \/>\n<meta property=\"og:locale\" content=\"pt_PT\" \/>\n<meta property=\"og:type\" content=\"article\" \/>\n<meta property=\"og:title\" content=\"A ideia subjacente ao EmpowerHer: libertar o potencial da Europa atrav\u00e9s da integra\u00e7\u00e3o inclusiva - EmpowerHer\" \/>\n<meta property=\"og:description\" content=\"Por Katrin Echtermeyer | Wisamar, Alemanha Numa \u00e9poca de r\u00e1pida transforma\u00e7\u00e3o da sociedade, o apelo a comunidades mais inclusivas e resilientes nunca foi t\u00e3o forte. Em toda a Europa, as mulheres migrantes continuam a ser um dos grupos mais sub-representados, embora promissores, no mercado de trabalho. A iniciativa EmpowerHer tem como objetivo alterar esta situa\u00e7\u00e3o [&hellip;]\" \/>\n<meta property=\"og:url\" content=\"https:\/\/empowermigrantwomen.eu\/the-idea-behind-empowerher-unlocking-europes-potential-through-inclusive-integration\" \/>\n<meta property=\"og:site_name\" content=\"EmpowerHer\" \/>\n<meta property=\"article:published_time\" content=\"2025-06-03T06:50:53+00:00\" \/>\n<meta property=\"article:modified_time\" content=\"2025-10-27T11:09:58+00:00\" \/>\n<meta property=\"og:image\" content=\"https:\/\/empowermigrantwomen.eu\/wp-content\/uploads\/2025\/06\/The-idea-behind-EmpowerHer-01.jpg\" \/>\n\t<meta property=\"og:image:width\" content=\"1299\" \/>\n\t<meta property=\"og:image:height\" content=\"978\" \/>\n\t<meta property=\"og:image:type\" content=\"image\/jpeg\" \/>\n<meta name=\"author\" content=\"empowerher\" \/>\n<meta name=\"twitter:card\" content=\"summary_large_image\" \/>\n<meta name=\"twitter:label1\" content=\"Escrito por\" \/>\n\t<meta name=\"twitter:data1\" content=\"empowerher\" \/>\n\t<meta name=\"twitter:label2\" content=\"Tempo estimado de leitura\" \/>\n\t<meta name=\"twitter:data2\" content=\"5 minutos\" \/>\n<script type=\"application\/ld+json\" class=\"yoast-schema-graph\">{\"@context\":\"https:\\\/\\\/schema.org\",\"@graph\":[{\"@type\":\"Article\",\"@id\":\"https:\\\/\\\/empowermigrantwomen.eu\\\/the-idea-behind-empowerher-unlocking-europes-potential-through-inclusive-integration#article\",\"isPartOf\":{\"@id\":\"https:\\\/\\\/empowermigrantwomen.eu\\\/the-idea-behind-empowerher-unlocking-europes-potential-through-inclusive-integration\"},\"author\":{\"name\":\"empowerher\",\"@id\":\"https:\\\/\\\/empowermigrantwomen.eu\\\/fr\\\/#\\\/schema\\\/person\\\/7f16ce8b22340d8edcafcc9795e6bc29\"},\"headline\":\"A ideia subjacente ao EmpowerHer: libertar o potencial da Europa atrav\u00e9s da integra\u00e7\u00e3o inclusiva\",\"datePublished\":\"2025-06-03T06:50:53+00:00\",\"dateModified\":\"2025-10-27T11:09:58+00:00\",\"mainEntityOfPage\":{\"@id\":\"https:\\\/\\\/empowermigrantwomen.eu\\\/the-idea-behind-empowerher-unlocking-europes-potential-through-inclusive-integration\"},\"wordCount\":1078,\"commentCount\":0,\"publisher\":{\"@id\":\"https:\\\/\\\/empowermigrantwomen.eu\\\/fr\\\/#organization\"},\"image\":{\"@id\":\"https:\\\/\\\/empowermigrantwomen.eu\\\/the-idea-behind-empowerher-unlocking-europes-potential-through-inclusive-integration#primaryimage\"},\"thumbnailUrl\":\"https:\\\/\\\/empowermigrantwomen.eu\\\/wp-content\\\/uploads\\\/2025\\\/06\\\/The-idea-behind-EmpowerHer-01.jpg\",\"articleSection\":[\"Artigo\"],\"inLanguage\":\"pt-PT\",\"potentialAction\":[{\"@type\":\"CommentAction\",\"name\":\"Comment\",\"target\":[\"https:\\\/\\\/empowermigrantwomen.eu\\\/the-idea-behind-empowerher-unlocking-europes-potential-through-inclusive-integration#respond\"]}]},{\"@type\":\"WebPage\",\"@id\":\"https:\\\/\\\/empowermigrantwomen.eu\\\/the-idea-behind-empowerher-unlocking-europes-potential-through-inclusive-integration\",\"url\":\"https:\\\/\\\/empowermigrantwomen.eu\\\/the-idea-behind-empowerher-unlocking-europes-potential-through-inclusive-integration\",\"name\":\"A ideia subjacente ao EmpowerHer: libertar o potencial da Europa atrav\u00e9s da integra\u00e7\u00e3o inclusiva - EmpowerHer\",\"isPartOf\":{\"@id\":\"https:\\\/\\\/empowermigrantwomen.eu\\\/fr\\\/#website\"},\"primaryImageOfPage\":{\"@id\":\"https:\\\/\\\/empowermigrantwomen.eu\\\/the-idea-behind-empowerher-unlocking-europes-potential-through-inclusive-integration#primaryimage\"},\"image\":{\"@id\":\"https:\\\/\\\/empowermigrantwomen.eu\\\/the-idea-behind-empowerher-unlocking-europes-potential-through-inclusive-integration#primaryimage\"},\"thumbnailUrl\":\"https:\\\/\\\/empowermigrantwomen.eu\\\/wp-content\\\/uploads\\\/2025\\\/06\\\/The-idea-behind-EmpowerHer-01.jpg\",\"datePublished\":\"2025-06-03T06:50:53+00:00\",\"dateModified\":\"2025-10-27T11:09:58+00:00\",\"breadcrumb\":{\"@id\":\"https:\\\/\\\/empowermigrantwomen.eu\\\/the-idea-behind-empowerher-unlocking-europes-potential-through-inclusive-integration#breadcrumb\"},\"inLanguage\":\"pt-PT\",\"potentialAction\":[{\"@type\":\"ReadAction\",\"target\":[\"https:\\\/\\\/empowermigrantwomen.eu\\\/the-idea-behind-empowerher-unlocking-europes-potential-through-inclusive-integration\"]}]},{\"@type\":\"ImageObject\",\"inLanguage\":\"pt-PT\",\"@id\":\"https:\\\/\\\/empowermigrantwomen.eu\\\/the-idea-behind-empowerher-unlocking-europes-potential-through-inclusive-integration#primaryimage\",\"url\":\"https:\\\/\\\/empowermigrantwomen.eu\\\/wp-content\\\/uploads\\\/2025\\\/06\\\/The-idea-behind-EmpowerHer-01.jpg\",\"contentUrl\":\"https:\\\/\\\/empowermigrantwomen.eu\\\/wp-content\\\/uploads\\\/2025\\\/06\\\/The-idea-behind-EmpowerHer-01.jpg\",\"width\":1299,\"height\":978},{\"@type\":\"BreadcrumbList\",\"@id\":\"https:\\\/\\\/empowermigrantwomen.eu\\\/the-idea-behind-empowerher-unlocking-europes-potential-through-inclusive-integration#breadcrumb\",\"itemListElement\":[{\"@type\":\"ListItem\",\"position\":1,\"name\":\"Home\",\"item\":\"https:\\\/\\\/empowermigrantwomen.eu\\\/\"},{\"@type\":\"ListItem\",\"position\":2,\"name\":\"A ideia subjacente ao EmpowerHer: libertar o potencial da Europa atrav\u00e9s da integra\u00e7\u00e3o inclusiva\"}]},{\"@type\":\"WebSite\",\"@id\":\"https:\\\/\\\/empowermigrantwomen.eu\\\/fr\\\/#website\",\"url\":\"https:\\\/\\\/empowermigrantwomen.eu\\\/fr\\\/\",\"name\":\"EmpowerHer\",\"description\":\"\",\"publisher\":{\"@id\":\"https:\\\/\\\/empowermigrantwomen.eu\\\/fr\\\/#organization\"},\"potentialAction\":[{\"@type\":\"SearchAction\",\"target\":{\"@type\":\"EntryPoint\",\"urlTemplate\":\"https:\\\/\\\/empowermigrantwomen.eu\\\/fr\\\/?s={search_term_string}\"},\"query-input\":{\"@type\":\"PropertyValueSpecification\",\"valueRequired\":true,\"valueName\":\"search_term_string\"}}],\"inLanguage\":\"pt-PT\"},{\"@type\":\"Organization\",\"@id\":\"https:\\\/\\\/empowermigrantwomen.eu\\\/fr\\\/#organization\",\"name\":\"EmpowerHer\",\"url\":\"https:\\\/\\\/empowermigrantwomen.eu\\\/fr\\\/\",\"logo\":{\"@type\":\"ImageObject\",\"inLanguage\":\"pt-PT\",\"@id\":\"https:\\\/\\\/empowermigrantwomen.eu\\\/fr\\\/#\\\/schema\\\/logo\\\/image\\\/\",\"url\":\"https:\\\/\\\/empowermigrantwomen.eu\\\/wp-content\\\/uploads\\\/2025\\\/04\\\/EmpowerHer-horizontal-logo.png\",\"contentUrl\":\"https:\\\/\\\/empowermigrantwomen.eu\\\/wp-content\\\/uploads\\\/2025\\\/04\\\/EmpowerHer-horizontal-logo.png\",\"width\":4096,\"height\":1543,\"caption\":\"EmpowerHer\"},\"image\":{\"@id\":\"https:\\\/\\\/empowermigrantwomen.eu\\\/fr\\\/#\\\/schema\\\/logo\\\/image\\\/\"}},{\"@type\":\"Person\",\"@id\":\"https:\\\/\\\/empowermigrantwomen.eu\\\/fr\\\/#\\\/schema\\\/person\\\/7f16ce8b22340d8edcafcc9795e6bc29\",\"name\":\"empowerher\",\"image\":{\"@type\":\"ImageObject\",\"inLanguage\":\"pt-PT\",\"@id\":\"https:\\\/\\\/secure.gravatar.com\\\/avatar\\\/d72d70e7a7995c01f626e4d1c4ed97de16eb87b8f1cc8814a5c830fd3734c74f?s=96&d=mm&r=g\",\"url\":\"https:\\\/\\\/secure.gravatar.com\\\/avatar\\\/d72d70e7a7995c01f626e4d1c4ed97de16eb87b8f1cc8814a5c830fd3734c74f?s=96&d=mm&r=g\",\"contentUrl\":\"https:\\\/\\\/secure.gravatar.com\\\/avatar\\\/d72d70e7a7995c01f626e4d1c4ed97de16eb87b8f1cc8814a5c830fd3734c74f?s=96&d=mm&r=g\",\"caption\":\"empowerher\"},\"sameAs\":[\"https:\\\/\\\/empowermigrantwoman.eu\"],\"url\":\"https:\\\/\\\/empowermigrantwomen.eu\\\/pt-pt\\\/author\\\/empowerher\"}]}<\/script>\n<!-- \/ Yoast SEO plugin. -->","yoast_head_json":{"title":"A ideia subjacente ao EmpowerHer: libertar o potencial da Europa atrav\u00e9s da integra\u00e7\u00e3o inclusiva - EmpowerHer","robots":{"index":"index","follow":"follow","max-snippet":"max-snippet:-1","max-image-preview":"max-image-preview:large","max-video-preview":"max-video-preview:-1"},"canonical":"https:\/\/empowermigrantwomen.eu\/the-idea-behind-empowerher-unlocking-europes-potential-through-inclusive-integration","og_locale":"pt_PT","og_type":"article","og_title":"A ideia subjacente ao EmpowerHer: libertar o potencial da Europa atrav\u00e9s da integra\u00e7\u00e3o inclusiva - EmpowerHer","og_description":"Por Katrin Echtermeyer | Wisamar, Alemanha Numa \u00e9poca de r\u00e1pida transforma\u00e7\u00e3o da sociedade, o apelo a comunidades mais inclusivas e resilientes nunca foi t\u00e3o forte. Em toda a Europa, as mulheres migrantes continuam a ser um dos grupos mais sub-representados, embora promissores, no mercado de trabalho. A iniciativa EmpowerHer tem como objetivo alterar esta situa\u00e7\u00e3o [&hellip;]","og_url":"https:\/\/empowermigrantwomen.eu\/the-idea-behind-empowerher-unlocking-europes-potential-through-inclusive-integration","og_site_name":"EmpowerHer","article_published_time":"2025-06-03T06:50:53+00:00","article_modified_time":"2025-10-27T11:09:58+00:00","og_image":[{"width":1299,"height":978,"url":"https:\/\/empowermigrantwomen.eu\/wp-content\/uploads\/2025\/06\/The-idea-behind-EmpowerHer-01.jpg","type":"image\/jpeg"}],"author":"empowerher","twitter_card":"summary_large_image","twitter_misc":{"Escrito por":"empowerher","Tempo estimado de leitura":"5 minutos"},"schema":{"@context":"https:\/\/schema.org","@graph":[{"@type":"Article","@id":"https:\/\/empowermigrantwomen.eu\/the-idea-behind-empowerher-unlocking-europes-potential-through-inclusive-integration#article","isPartOf":{"@id":"https:\/\/empowermigrantwomen.eu\/the-idea-behind-empowerher-unlocking-europes-potential-through-inclusive-integration"},"author":{"name":"empowerher","@id":"https:\/\/empowermigrantwomen.eu\/fr\/#\/schema\/person\/7f16ce8b22340d8edcafcc9795e6bc29"},"headline":"A ideia subjacente ao EmpowerHer: libertar o potencial da Europa atrav\u00e9s da integra\u00e7\u00e3o inclusiva","datePublished":"2025-06-03T06:50:53+00:00","dateModified":"2025-10-27T11:09:58+00:00","mainEntityOfPage":{"@id":"https:\/\/empowermigrantwomen.eu\/the-idea-behind-empowerher-unlocking-europes-potential-through-inclusive-integration"},"wordCount":1078,"commentCount":0,"publisher":{"@id":"https:\/\/empowermigrantwomen.eu\/fr\/#organization"},"image":{"@id":"https:\/\/empowermigrantwomen.eu\/the-idea-behind-empowerher-unlocking-europes-potential-through-inclusive-integration#primaryimage"},"thumbnailUrl":"https:\/\/empowermigrantwomen.eu\/wp-content\/uploads\/2025\/06\/The-idea-behind-EmpowerHer-01.jpg","articleSection":["Artigo"],"inLanguage":"pt-PT","potentialAction":[{"@type":"CommentAction","name":"Comment","target":["https:\/\/empowermigrantwomen.eu\/the-idea-behind-empowerher-unlocking-europes-potential-through-inclusive-integration#respond"]}]},{"@type":"WebPage","@id":"https:\/\/empowermigrantwomen.eu\/the-idea-behind-empowerher-unlocking-europes-potential-through-inclusive-integration","url":"https:\/\/empowermigrantwomen.eu\/the-idea-behind-empowerher-unlocking-europes-potential-through-inclusive-integration","name":"A ideia subjacente ao EmpowerHer: libertar o potencial da Europa atrav\u00e9s da integra\u00e7\u00e3o inclusiva - EmpowerHer","isPartOf":{"@id":"https:\/\/empowermigrantwomen.eu\/fr\/#website"},"primaryImageOfPage":{"@id":"https:\/\/empowermigrantwomen.eu\/the-idea-behind-empowerher-unlocking-europes-potential-through-inclusive-integration#primaryimage"},"image":{"@id":"https:\/\/empowermigrantwomen.eu\/the-idea-behind-empowerher-unlocking-europes-potential-through-inclusive-integration#primaryimage"},"thumbnailUrl":"https:\/\/empowermigrantwomen.eu\/wp-content\/uploads\/2025\/06\/The-idea-behind-EmpowerHer-01.jpg","datePublished":"2025-06-03T06:50:53+00:00","dateModified":"2025-10-27T11:09:58+00:00","breadcrumb":{"@id":"https:\/\/empowermigrantwomen.eu\/the-idea-behind-empowerher-unlocking-europes-potential-through-inclusive-integration#breadcrumb"},"inLanguage":"pt-PT","potentialAction":[{"@type":"ReadAction","target":["https:\/\/empowermigrantwomen.eu\/the-idea-behind-empowerher-unlocking-europes-potential-through-inclusive-integration"]}]},{"@type":"ImageObject","inLanguage":"pt-PT","@id":"https:\/\/empowermigrantwomen.eu\/the-idea-behind-empowerher-unlocking-europes-potential-through-inclusive-integration#primaryimage","url":"https:\/\/empowermigrantwomen.eu\/wp-content\/uploads\/2025\/06\/The-idea-behind-EmpowerHer-01.jpg","contentUrl":"https:\/\/empowermigrantwomen.eu\/wp-content\/uploads\/2025\/06\/The-idea-behind-EmpowerHer-01.jpg","width":1299,"height":978},{"@type":"BreadcrumbList","@id":"https:\/\/empowermigrantwomen.eu\/the-idea-behind-empowerher-unlocking-europes-potential-through-inclusive-integration#breadcrumb","itemListElement":[{"@type":"ListItem","position":1,"name":"Home","item":"https:\/\/empowermigrantwomen.eu\/"},{"@type":"ListItem","position":2,"name":"A ideia subjacente ao EmpowerHer: libertar o potencial da Europa atrav\u00e9s da integra\u00e7\u00e3o inclusiva"}]},{"@type":"WebSite","@id":"https:\/\/empowermigrantwomen.eu\/fr\/#website","url":"https:\/\/empowermigrantwomen.eu\/fr\/","name":"EmpowerHer","description":"","publisher":{"@id":"https:\/\/empowermigrantwomen.eu\/fr\/#organization"},"potentialAction":[{"@type":"SearchAction","target":{"@type":"EntryPoint","urlTemplate":"https:\/\/empowermigrantwomen.eu\/fr\/?s={search_term_string}"},"query-input":{"@type":"PropertyValueSpecification","valueRequired":true,"valueName":"search_term_string"}}],"inLanguage":"pt-PT"},{"@type":"Organization","@id":"https:\/\/empowermigrantwomen.eu\/fr\/#organization","name":"EmpowerHer","url":"https:\/\/empowermigrantwomen.eu\/fr\/","logo":{"@type":"ImageObject","inLanguage":"pt-PT","@id":"https:\/\/empowermigrantwomen.eu\/fr\/#\/schema\/logo\/image\/","url":"https:\/\/empowermigrantwomen.eu\/wp-content\/uploads\/2025\/04\/EmpowerHer-horizontal-logo.png","contentUrl":"https:\/\/empowermigrantwomen.eu\/wp-content\/uploads\/2025\/04\/EmpowerHer-horizontal-logo.png","width":4096,"height":1543,"caption":"EmpowerHer"},"image":{"@id":"https:\/\/empowermigrantwomen.eu\/fr\/#\/schema\/logo\/image\/"}},{"@type":"Person","@id":"https:\/\/empowermigrantwomen.eu\/fr\/#\/schema\/person\/7f16ce8b22340d8edcafcc9795e6bc29","name":"empowerher","image":{"@type":"ImageObject","inLanguage":"pt-PT","@id":"https:\/\/secure.gravatar.com\/avatar\/d72d70e7a7995c01f626e4d1c4ed97de16eb87b8f1cc8814a5c830fd3734c74f?s=96&d=mm&r=g","url":"https:\/\/secure.gravatar.com\/avatar\/d72d70e7a7995c01f626e4d1c4ed97de16eb87b8f1cc8814a5c830fd3734c74f?s=96&d=mm&r=g","contentUrl":"https:\/\/secure.gravatar.com\/avatar\/d72d70e7a7995c01f626e4d1c4ed97de16eb87b8f1cc8814a5c830fd3734c74f?s=96&d=mm&r=g","caption":"empowerher"},"sameAs":["https:\/\/empowermigrantwoman.eu"],"url":"https:\/\/empowermigrantwomen.eu\/pt-pt\/author\/empowerher"}]}},"_links":{"self":[{"href":"https:\/\/empowermigrantwomen.eu\/pt-pt\/wp-json\/wp\/v2\/posts\/1076","targetHints":{"allow":["GET"]}}],"collection":[{"href":"https:\/\/empowermigrantwomen.eu\/pt-pt\/wp-json\/wp\/v2\/posts"}],"about":[{"href":"https:\/\/empowermigrantwomen.eu\/pt-pt\/wp-json\/wp\/v2\/types\/post"}],"author":[{"embeddable":true,"href":"https:\/\/empowermigrantwomen.eu\/pt-pt\/wp-json\/wp\/v2\/users\/1"}],"replies":[{"embeddable":true,"href":"https:\/\/empowermigrantwomen.eu\/pt-pt\/wp-json\/wp\/v2\/comments?post=1076"}],"version-history":[{"count":1,"href":"https:\/\/empowermigrantwomen.eu\/pt-pt\/wp-json\/wp\/v2\/posts\/1076\/revisions"}],"predecessor-version":[{"id":1077,"href":"https:\/\/empowermigrantwomen.eu\/pt-pt\/wp-json\/wp\/v2\/posts\/1076\/revisions\/1077"}],"wp:featuredmedia":[{"embeddable":true,"href":"https:\/\/empowermigrantwomen.eu\/pt-pt\/wp-json\/wp\/v2\/media\/800"}],"wp:attachment":[{"href":"https:\/\/empowermigrantwomen.eu\/pt-pt\/wp-json\/wp\/v2\/media?parent=1076"}],"wp:term":[{"taxonomy":"category","embeddable":true,"href":"https:\/\/empowermigrantwomen.eu\/pt-pt\/wp-json\/wp\/v2\/categories?post=1076"},{"taxonomy":"post_tag","embeddable":true,"href":"https:\/\/empowermigrantwomen.eu\/pt-pt\/wp-json\/wp\/v2\/tags?post=1076"}],"curies":[{"name":"wp","href":"https:\/\/api.w.org\/{rel}","templated":true}]}}