{"id":1216,"date":"2025-11-06T10:37:35","date_gmt":"2025-11-06T10:37:35","guid":{"rendered":"https:\/\/empowermigrantwomen.eu\/2-a-reuniao-transnacional-do-projeto-empowerher-em-granada-atualizacao-e-planeamento-das-proximas-tarefas"},"modified":"2026-01-07T11:29:41","modified_gmt":"2026-01-07T11:29:41","slug":"2-a-reuniao-transnacional-do-projeto-empowerher-em-granada-atualizacao-e-planeamento-das-proximas-tarefas","status":"publish","type":"post","link":"https:\/\/empowermigrantwomen.eu\/pt-pt\/2-a-reuniao-transnacional-do-projeto-empowerher-em-granada-atualizacao-e-planeamento-das-proximas-tarefas","title":{"rendered":"2.\u00aa Reuni\u00e3o Transnacional do Projeto EmpowerHer em Granada: atualiza\u00e7\u00e3o e planeamento das pr\u00f3ximas tarefas"},"content":{"rendered":"\n<p><strong>By Aida Y\u00e1\u00f1ez-Sede\u00f1o Sabariegos | OnProjects, Espanha<\/strong><\/p>\n\n<p>O cons\u00f3rcio EmpowerHer realizou a sua segunda reuni\u00e3o transnacional do projeto em Granada, Espanha, de 4 a 5 de novembro de 2025. Ao longo de dois dias, os parceiros alinharam as metas dos pacotes de trabalho, actualizaram o roteiro do projeto e refor\u00e7aram a colabora\u00e7\u00e3o em pessoa, tendo tamb\u00e9m algum tempo para explorar a cidade e relaxar numa Espanha solarenga. <\/p>\n\n<h2 class=\"wp-block-heading\">1\u00ba dia &#8211; ter\u00e7a-feira, 4 de novembro de 2025<\/h2>\n\n<p>Depois de uma sess\u00e3o de boas-vindas e de um check-in para \u201cpreparar o terreno\u201d conduzido por Wisamar, as equipas mergulharam no desenvolvimento da Caixa de Ferramentas de Integra\u00e7\u00e3o. Antonia, da Comcy, facilitou esta primeira sess\u00e3o para partilhar ideias de grupos de discuss\u00e3o recentes e entrevistas com as partes interessadas que ser\u00e3o integradas num relat\u00f3rio europeu final e que, naturalmente, servir\u00e3o para dar forma \u00e0 caixa de ferramentas. Um breve energizador p\u00f3s-almo\u00e7o, apresentado por Mona do DIE, ajudou o grupo a reiniciar a sess\u00e3o antes de passar \u00e0 atividade de Implementa\u00e7\u00e3o do Programa de Forma\u00e7\u00e3o, liderada por Soha da Pistes Solidaires. Em primeiro lugar, os parceiros forneceram algumas actualiza\u00e7\u00f5es sobre as forma\u00e7\u00f5es locais a serem implementadas e, em seguida, sobre o pr\u00f3ximo workshop online a realizar no dia 25 de novembro. O dia terminou com uma competi\u00e7\u00e3o ao vivo entre os parceiros, utilizando a aplica\u00e7\u00e3o Web, que serviu para aperfei\u00e7oar a funcionalidade e recolher os contributos dos parceiros, bem como para um final divertido da reuni\u00e3o. Aviso: ningu\u00e9m foi julgado pela sua pontua\u00e7\u00e3o final ;).     <\/p>\n\n<h2 class=\"wp-block-heading\">2\u00ba dia &#8211; Quarta-feira, 5 de novembro de 2025<\/h2>\n\n<p>A segunda manh\u00e3 come\u00e7ou lentamente com uma sess\u00e3o de ioga com Andreea, onde os parceiros tiveram a oportunidade de se ligarem um pouco a si pr\u00f3prios, mas tamb\u00e9m ao grupo, como um in\u00edcio fresco e suave do segundo dia de reuni\u00e3o. A APIDI e a OnProjects apresentaram v\u00e1rias actualiza\u00e7\u00f5es e as pr\u00f3ximas tarefas relativas \u00e0s actividades de comunica\u00e7\u00e3o e divulga\u00e7\u00e3o, principalmente relacionadas com a campanha a ser lan\u00e7ada nas redes sociais. Mais tarde, ap\u00f3s uma breve pausa para o caf\u00e9, Antonia, da Comcy, fez o check-in da garantia de qualidade e do impacto para programar as pr\u00f3ximas actividades de avalia\u00e7\u00e3o, seguindo-se o segmento de Wisamar sobre a coordena\u00e7\u00e3o do projeto, que abrangeu os pr\u00f3ximos relat\u00f3rios e o calend\u00e1rio das pr\u00f3ximas reuni\u00f5es. A reuni\u00e3o foi encerrada com uma sess\u00e3o final de perguntas e respostas e com o compromisso partilhado do cons\u00f3rcio de continuar a trabalhar para um futuro melhor para as mulheres migrantes atrav\u00e9s do nosso projeto.   <\/p>\n\n<p>No final de dois dias produtivos, a reuni\u00e3o de Granada terminou com compromissos claros, um \u00edmpeto renovado e um sentido de objetivo partilhado. Igualmente importante, o tempo que pass\u00e1mos juntos refor\u00e7ou a confian\u00e7a e a colabora\u00e7\u00e3o, conceitos-chave para um trabalho de equipa bem sucedido. Obrigado a todos os parceiros pela vossa energia e perspic\u00e1cia; juntos estamos a fazer avan\u00e7ar a miss\u00e3o da EmpowerHer de expandir as oportunidades para as mulheres migrantes em toda a Europa.  <\/p>\n\n<figure class=\"wp-block-image size-large\"><img fetchpriority=\"high\" decoding=\"async\" width=\"1024\" height=\"576\" src=\"https:\/\/empowermigrantwomen.eu\/wp-content\/uploads\/2025\/11\/IMG_1554-1024x576.jpg\" alt=\"\" class=\"wp-image-1152\" srcset=\"https:\/\/empowermigrantwomen.eu\/wp-content\/uploads\/2025\/11\/IMG_1554-1024x576.jpg 1024w, https:\/\/empowermigrantwomen.eu\/wp-content\/uploads\/2025\/11\/IMG_1554-300x169.jpg 300w, https:\/\/empowermigrantwomen.eu\/wp-content\/uploads\/2025\/11\/IMG_1554-768x432.jpg 768w, https:\/\/empowermigrantwomen.eu\/wp-content\/uploads\/2025\/11\/IMG_1554-1536x864.jpg 1536w, https:\/\/empowermigrantwomen.eu\/wp-content\/uploads\/2025\/11\/IMG_1554-2048x1152.jpg 2048w\" sizes=\"(max-width: 1024px) 100vw, 1024px\" \/><figcaption class=\"wp-element-caption\">Foto de fam\u00edlia \u263a<\/figcaption><\/figure>\n","protected":false},"excerpt":{"rendered":"<p>By Aida Y\u00e1\u00f1ez-Sede\u00f1o Sabariegos | OnProjects, Espanha O cons\u00f3rcio EmpowerHer realizou a sua segunda reuni\u00e3o transnacional do projeto em Granada, Espanha, de 4 a 5 de novembro de 2025. Ao longo de dois dias, os parceiros alinharam as metas dos pacotes de trabalho, actualizaram o roteiro do projeto e refor\u00e7aram a colabora\u00e7\u00e3o em pessoa, tendo [&hellip;]<\/p>\n","protected":false},"author":1,"featured_media":1156,"comment_status":"open","ping_status":"open","sticky":false,"template":"","format":"standard","meta":{"_eb_attr":"","footnotes":""},"categories":[46],"tags":[],"class_list":["post-1216","post","type-post","status-publish","format-standard","has-post-thumbnail","hentry","category-noticias"],"yoast_head":"<!-- This site is optimized with the Yoast SEO plugin v27.4 - https:\/\/yoast.com\/product\/yoast-seo-wordpress\/ -->\n<title>2.\u00aa Reuni\u00e3o Transnacional do Projeto EmpowerHer em Granada: atualiza\u00e7\u00e3o e planeamento das pr\u00f3ximas tarefas - EmpowerHer<\/title>\n<meta name=\"robots\" content=\"index, follow, max-snippet:-1, max-image-preview:large, max-video-preview:-1\" \/>\n<link rel=\"canonical\" href=\"https:\/\/empowermigrantwomen.eu\/pt-pt\/2-a-reuniao-transnacional-do-projeto-empowerher-em-granada-atualizacao-e-planeamento-das-proximas-tarefas\" \/>\n<meta property=\"og:locale\" content=\"pt_PT\" \/>\n<meta property=\"og:type\" content=\"article\" \/>\n<meta property=\"og:title\" content=\"2.\u00aa Reuni\u00e3o Transnacional do Projeto EmpowerHer em Granada: atualiza\u00e7\u00e3o e planeamento das pr\u00f3ximas tarefas - EmpowerHer\" \/>\n<meta property=\"og:description\" content=\"By Aida Y\u00e1\u00f1ez-Sede\u00f1o Sabariegos | OnProjects, Espanha O cons\u00f3rcio EmpowerHer realizou a sua segunda reuni\u00e3o transnacional do projeto em Granada, Espanha, de 4 a 5 de novembro de 2025. Ao longo de dois dias, os parceiros alinharam as metas dos pacotes de trabalho, actualizaram o roteiro do projeto e refor\u00e7aram a colabora\u00e7\u00e3o em pessoa, tendo [&hellip;]\" \/>\n<meta property=\"og:url\" content=\"https:\/\/empowermigrantwomen.eu\/pt-pt\/2-a-reuniao-transnacional-do-projeto-empowerher-em-granada-atualizacao-e-planeamento-das-proximas-tarefas\" \/>\n<meta property=\"og:site_name\" content=\"EmpowerHer\" \/>\n<meta property=\"article:published_time\" content=\"2025-11-06T10:37:35+00:00\" \/>\n<meta property=\"article:modified_time\" content=\"2026-01-07T11:29:41+00:00\" \/>\n<meta property=\"og:image\" content=\"https:\/\/empowermigrantwomen.eu\/wp-content\/uploads\/2025\/11\/IMG_1554-scaled.jpg\" \/>\n\t<meta property=\"og:image:width\" content=\"2560\" \/>\n\t<meta property=\"og:image:height\" content=\"1440\" \/>\n\t<meta property=\"og:image:type\" content=\"image\/jpeg\" \/>\n<meta name=\"author\" content=\"empowerher\" \/>\n<meta name=\"twitter:card\" content=\"summary_large_image\" \/>\n<meta name=\"twitter:label1\" content=\"Escrito por\" \/>\n\t<meta name=\"twitter:data1\" content=\"empowerher\" \/>\n\t<meta name=\"twitter:label2\" content=\"Tempo estimado de leitura\" \/>\n\t<meta name=\"twitter:data2\" content=\"3 minutos\" \/>\n<script type=\"application\/ld+json\" class=\"yoast-schema-graph\">{\"@context\":\"https:\\\/\\\/schema.org\",\"@graph\":[{\"@type\":\"Article\",\"@id\":\"https:\\\/\\\/empowermigrantwomen.eu\\\/pt-pt\\\/2-a-reuniao-transnacional-do-projeto-empowerher-em-granada-atualizacao-e-planeamento-das-proximas-tarefas#article\",\"isPartOf\":{\"@id\":\"https:\\\/\\\/empowermigrantwomen.eu\\\/pt-pt\\\/2-a-reuniao-transnacional-do-projeto-empowerher-em-granada-atualizacao-e-planeamento-das-proximas-tarefas\"},\"author\":{\"name\":\"empowerher\",\"@id\":\"https:\\\/\\\/empowermigrantwomen.eu\\\/fr\\\/#\\\/schema\\\/person\\\/7f16ce8b22340d8edcafcc9795e6bc29\"},\"headline\":\"2.\u00aa Reuni\u00e3o Transnacional do Projeto EmpowerHer em Granada: atualiza\u00e7\u00e3o e planeamento das pr\u00f3ximas tarefas\",\"datePublished\":\"2025-11-06T10:37:35+00:00\",\"dateModified\":\"2026-01-07T11:29:41+00:00\",\"mainEntityOfPage\":{\"@id\":\"https:\\\/\\\/empowermigrantwomen.eu\\\/pt-pt\\\/2-a-reuniao-transnacional-do-projeto-empowerher-em-granada-atualizacao-e-planeamento-das-proximas-tarefas\"},\"wordCount\":558,\"commentCount\":0,\"publisher\":{\"@id\":\"https:\\\/\\\/empowermigrantwomen.eu\\\/fr\\\/#organization\"},\"image\":{\"@id\":\"https:\\\/\\\/empowermigrantwomen.eu\\\/pt-pt\\\/2-a-reuniao-transnacional-do-projeto-empowerher-em-granada-atualizacao-e-planeamento-das-proximas-tarefas#primaryimage\"},\"thumbnailUrl\":\"https:\\\/\\\/empowermigrantwomen.eu\\\/wp-content\\\/uploads\\\/2025\\\/11\\\/IMG_1554-scaled.jpg\",\"articleSection\":[\"Not\u00edcias\"],\"inLanguage\":\"pt-PT\",\"potentialAction\":[{\"@type\":\"CommentAction\",\"name\":\"Comment\",\"target\":[\"https:\\\/\\\/empowermigrantwomen.eu\\\/pt-pt\\\/2-a-reuniao-transnacional-do-projeto-empowerher-em-granada-atualizacao-e-planeamento-das-proximas-tarefas#respond\"]}]},{\"@type\":\"WebPage\",\"@id\":\"https:\\\/\\\/empowermigrantwomen.eu\\\/pt-pt\\\/2-a-reuniao-transnacional-do-projeto-empowerher-em-granada-atualizacao-e-planeamento-das-proximas-tarefas\",\"url\":\"https:\\\/\\\/empowermigrantwomen.eu\\\/pt-pt\\\/2-a-reuniao-transnacional-do-projeto-empowerher-em-granada-atualizacao-e-planeamento-das-proximas-tarefas\",\"name\":\"2.\u00aa Reuni\u00e3o Transnacional do Projeto EmpowerHer em Granada: atualiza\u00e7\u00e3o e planeamento das pr\u00f3ximas tarefas - EmpowerHer\",\"isPartOf\":{\"@id\":\"https:\\\/\\\/empowermigrantwomen.eu\\\/fr\\\/#website\"},\"primaryImageOfPage\":{\"@id\":\"https:\\\/\\\/empowermigrantwomen.eu\\\/pt-pt\\\/2-a-reuniao-transnacional-do-projeto-empowerher-em-granada-atualizacao-e-planeamento-das-proximas-tarefas#primaryimage\"},\"image\":{\"@id\":\"https:\\\/\\\/empowermigrantwomen.eu\\\/pt-pt\\\/2-a-reuniao-transnacional-do-projeto-empowerher-em-granada-atualizacao-e-planeamento-das-proximas-tarefas#primaryimage\"},\"thumbnailUrl\":\"https:\\\/\\\/empowermigrantwomen.eu\\\/wp-content\\\/uploads\\\/2025\\\/11\\\/IMG_1554-scaled.jpg\",\"datePublished\":\"2025-11-06T10:37:35+00:00\",\"dateModified\":\"2026-01-07T11:29:41+00:00\",\"breadcrumb\":{\"@id\":\"https:\\\/\\\/empowermigrantwomen.eu\\\/pt-pt\\\/2-a-reuniao-transnacional-do-projeto-empowerher-em-granada-atualizacao-e-planeamento-das-proximas-tarefas#breadcrumb\"},\"inLanguage\":\"pt-PT\",\"potentialAction\":[{\"@type\":\"ReadAction\",\"target\":[\"https:\\\/\\\/empowermigrantwomen.eu\\\/pt-pt\\\/2-a-reuniao-transnacional-do-projeto-empowerher-em-granada-atualizacao-e-planeamento-das-proximas-tarefas\"]}]},{\"@type\":\"ImageObject\",\"inLanguage\":\"pt-PT\",\"@id\":\"https:\\\/\\\/empowermigrantwomen.eu\\\/pt-pt\\\/2-a-reuniao-transnacional-do-projeto-empowerher-em-granada-atualizacao-e-planeamento-das-proximas-tarefas#primaryimage\",\"url\":\"https:\\\/\\\/empowermigrantwomen.eu\\\/wp-content\\\/uploads\\\/2025\\\/11\\\/IMG_1554-scaled.jpg\",\"contentUrl\":\"https:\\\/\\\/empowermigrantwomen.eu\\\/wp-content\\\/uploads\\\/2025\\\/11\\\/IMG_1554-scaled.jpg\",\"width\":2560,\"height\":1440},{\"@type\":\"BreadcrumbList\",\"@id\":\"https:\\\/\\\/empowermigrantwomen.eu\\\/pt-pt\\\/2-a-reuniao-transnacional-do-projeto-empowerher-em-granada-atualizacao-e-planeamento-das-proximas-tarefas#breadcrumb\",\"itemListElement\":[{\"@type\":\"ListItem\",\"position\":1,\"name\":\"Home\",\"item\":\"https:\\\/\\\/empowermigrantwomen.eu\\\/\"},{\"@type\":\"ListItem\",\"position\":2,\"name\":\"2.\u00aa Reuni\u00e3o Transnacional do Projeto EmpowerHer em Granada: atualiza\u00e7\u00e3o e planeamento das pr\u00f3ximas tarefas\"}]},{\"@type\":\"WebSite\",\"@id\":\"https:\\\/\\\/empowermigrantwomen.eu\\\/fr\\\/#website\",\"url\":\"https:\\\/\\\/empowermigrantwomen.eu\\\/fr\\\/\",\"name\":\"EmpowerHer\",\"description\":\"\",\"publisher\":{\"@id\":\"https:\\\/\\\/empowermigrantwomen.eu\\\/fr\\\/#organization\"},\"potentialAction\":[{\"@type\":\"SearchAction\",\"target\":{\"@type\":\"EntryPoint\",\"urlTemplate\":\"https:\\\/\\\/empowermigrantwomen.eu\\\/fr\\\/?s={search_term_string}\"},\"query-input\":{\"@type\":\"PropertyValueSpecification\",\"valueRequired\":true,\"valueName\":\"search_term_string\"}}],\"inLanguage\":\"pt-PT\"},{\"@type\":\"Organization\",\"@id\":\"https:\\\/\\\/empowermigrantwomen.eu\\\/fr\\\/#organization\",\"name\":\"EmpowerHer\",\"url\":\"https:\\\/\\\/empowermigrantwomen.eu\\\/fr\\\/\",\"logo\":{\"@type\":\"ImageObject\",\"inLanguage\":\"pt-PT\",\"@id\":\"https:\\\/\\\/empowermigrantwomen.eu\\\/fr\\\/#\\\/schema\\\/logo\\\/image\\\/\",\"url\":\"https:\\\/\\\/empowermigrantwomen.eu\\\/wp-content\\\/uploads\\\/2025\\\/04\\\/EmpowerHer-horizontal-logo.png\",\"contentUrl\":\"https:\\\/\\\/empowermigrantwomen.eu\\\/wp-content\\\/uploads\\\/2025\\\/04\\\/EmpowerHer-horizontal-logo.png\",\"width\":4096,\"height\":1543,\"caption\":\"EmpowerHer\"},\"image\":{\"@id\":\"https:\\\/\\\/empowermigrantwomen.eu\\\/fr\\\/#\\\/schema\\\/logo\\\/image\\\/\"}},{\"@type\":\"Person\",\"@id\":\"https:\\\/\\\/empowermigrantwomen.eu\\\/fr\\\/#\\\/schema\\\/person\\\/7f16ce8b22340d8edcafcc9795e6bc29\",\"name\":\"empowerher\",\"image\":{\"@type\":\"ImageObject\",\"inLanguage\":\"pt-PT\",\"@id\":\"https:\\\/\\\/secure.gravatar.com\\\/avatar\\\/d72d70e7a7995c01f626e4d1c4ed97de16eb87b8f1cc8814a5c830fd3734c74f?s=96&d=mm&r=g\",\"url\":\"https:\\\/\\\/secure.gravatar.com\\\/avatar\\\/d72d70e7a7995c01f626e4d1c4ed97de16eb87b8f1cc8814a5c830fd3734c74f?s=96&d=mm&r=g\",\"contentUrl\":\"https:\\\/\\\/secure.gravatar.com\\\/avatar\\\/d72d70e7a7995c01f626e4d1c4ed97de16eb87b8f1cc8814a5c830fd3734c74f?s=96&d=mm&r=g\",\"caption\":\"empowerher\"},\"sameAs\":[\"https:\\\/\\\/empowermigrantwoman.eu\"],\"url\":\"https:\\\/\\\/empowermigrantwomen.eu\\\/pt-pt\\\/author\\\/empowerher\"}]}<\/script>\n<!-- \/ Yoast SEO plugin. -->","yoast_head_json":{"title":"2.\u00aa Reuni\u00e3o Transnacional do Projeto EmpowerHer em Granada: atualiza\u00e7\u00e3o e planeamento das pr\u00f3ximas tarefas - EmpowerHer","robots":{"index":"index","follow":"follow","max-snippet":"max-snippet:-1","max-image-preview":"max-image-preview:large","max-video-preview":"max-video-preview:-1"},"canonical":"https:\/\/empowermigrantwomen.eu\/pt-pt\/2-a-reuniao-transnacional-do-projeto-empowerher-em-granada-atualizacao-e-planeamento-das-proximas-tarefas","og_locale":"pt_PT","og_type":"article","og_title":"2.\u00aa Reuni\u00e3o Transnacional do Projeto EmpowerHer em Granada: atualiza\u00e7\u00e3o e planeamento das pr\u00f3ximas tarefas - EmpowerHer","og_description":"By Aida Y\u00e1\u00f1ez-Sede\u00f1o Sabariegos | OnProjects, Espanha O cons\u00f3rcio EmpowerHer realizou a sua segunda reuni\u00e3o transnacional do projeto em Granada, Espanha, de 4 a 5 de novembro de 2025. Ao longo de dois dias, os parceiros alinharam as metas dos pacotes de trabalho, actualizaram o roteiro do projeto e refor\u00e7aram a colabora\u00e7\u00e3o em pessoa, tendo [&hellip;]","og_url":"https:\/\/empowermigrantwomen.eu\/pt-pt\/2-a-reuniao-transnacional-do-projeto-empowerher-em-granada-atualizacao-e-planeamento-das-proximas-tarefas","og_site_name":"EmpowerHer","article_published_time":"2025-11-06T10:37:35+00:00","article_modified_time":"2026-01-07T11:29:41+00:00","og_image":[{"width":2560,"height":1440,"url":"https:\/\/empowermigrantwomen.eu\/wp-content\/uploads\/2025\/11\/IMG_1554-scaled.jpg","type":"image\/jpeg"}],"author":"empowerher","twitter_card":"summary_large_image","twitter_misc":{"Escrito por":"empowerher","Tempo estimado de leitura":"3 minutos"},"schema":{"@context":"https:\/\/schema.org","@graph":[{"@type":"Article","@id":"https:\/\/empowermigrantwomen.eu\/pt-pt\/2-a-reuniao-transnacional-do-projeto-empowerher-em-granada-atualizacao-e-planeamento-das-proximas-tarefas#article","isPartOf":{"@id":"https:\/\/empowermigrantwomen.eu\/pt-pt\/2-a-reuniao-transnacional-do-projeto-empowerher-em-granada-atualizacao-e-planeamento-das-proximas-tarefas"},"author":{"name":"empowerher","@id":"https:\/\/empowermigrantwomen.eu\/fr\/#\/schema\/person\/7f16ce8b22340d8edcafcc9795e6bc29"},"headline":"2.\u00aa Reuni\u00e3o Transnacional do Projeto EmpowerHer em Granada: atualiza\u00e7\u00e3o e planeamento das pr\u00f3ximas tarefas","datePublished":"2025-11-06T10:37:35+00:00","dateModified":"2026-01-07T11:29:41+00:00","mainEntityOfPage":{"@id":"https:\/\/empowermigrantwomen.eu\/pt-pt\/2-a-reuniao-transnacional-do-projeto-empowerher-em-granada-atualizacao-e-planeamento-das-proximas-tarefas"},"wordCount":558,"commentCount":0,"publisher":{"@id":"https:\/\/empowermigrantwomen.eu\/fr\/#organization"},"image":{"@id":"https:\/\/empowermigrantwomen.eu\/pt-pt\/2-a-reuniao-transnacional-do-projeto-empowerher-em-granada-atualizacao-e-planeamento-das-proximas-tarefas#primaryimage"},"thumbnailUrl":"https:\/\/empowermigrantwomen.eu\/wp-content\/uploads\/2025\/11\/IMG_1554-scaled.jpg","articleSection":["Not\u00edcias"],"inLanguage":"pt-PT","potentialAction":[{"@type":"CommentAction","name":"Comment","target":["https:\/\/empowermigrantwomen.eu\/pt-pt\/2-a-reuniao-transnacional-do-projeto-empowerher-em-granada-atualizacao-e-planeamento-das-proximas-tarefas#respond"]}]},{"@type":"WebPage","@id":"https:\/\/empowermigrantwomen.eu\/pt-pt\/2-a-reuniao-transnacional-do-projeto-empowerher-em-granada-atualizacao-e-planeamento-das-proximas-tarefas","url":"https:\/\/empowermigrantwomen.eu\/pt-pt\/2-a-reuniao-transnacional-do-projeto-empowerher-em-granada-atualizacao-e-planeamento-das-proximas-tarefas","name":"2.\u00aa Reuni\u00e3o Transnacional do Projeto EmpowerHer em Granada: atualiza\u00e7\u00e3o e planeamento das pr\u00f3ximas tarefas - EmpowerHer","isPartOf":{"@id":"https:\/\/empowermigrantwomen.eu\/fr\/#website"},"primaryImageOfPage":{"@id":"https:\/\/empowermigrantwomen.eu\/pt-pt\/2-a-reuniao-transnacional-do-projeto-empowerher-em-granada-atualizacao-e-planeamento-das-proximas-tarefas#primaryimage"},"image":{"@id":"https:\/\/empowermigrantwomen.eu\/pt-pt\/2-a-reuniao-transnacional-do-projeto-empowerher-em-granada-atualizacao-e-planeamento-das-proximas-tarefas#primaryimage"},"thumbnailUrl":"https:\/\/empowermigrantwomen.eu\/wp-content\/uploads\/2025\/11\/IMG_1554-scaled.jpg","datePublished":"2025-11-06T10:37:35+00:00","dateModified":"2026-01-07T11:29:41+00:00","breadcrumb":{"@id":"https:\/\/empowermigrantwomen.eu\/pt-pt\/2-a-reuniao-transnacional-do-projeto-empowerher-em-granada-atualizacao-e-planeamento-das-proximas-tarefas#breadcrumb"},"inLanguage":"pt-PT","potentialAction":[{"@type":"ReadAction","target":["https:\/\/empowermigrantwomen.eu\/pt-pt\/2-a-reuniao-transnacional-do-projeto-empowerher-em-granada-atualizacao-e-planeamento-das-proximas-tarefas"]}]},{"@type":"ImageObject","inLanguage":"pt-PT","@id":"https:\/\/empowermigrantwomen.eu\/pt-pt\/2-a-reuniao-transnacional-do-projeto-empowerher-em-granada-atualizacao-e-planeamento-das-proximas-tarefas#primaryimage","url":"https:\/\/empowermigrantwomen.eu\/wp-content\/uploads\/2025\/11\/IMG_1554-scaled.jpg","contentUrl":"https:\/\/empowermigrantwomen.eu\/wp-content\/uploads\/2025\/11\/IMG_1554-scaled.jpg","width":2560,"height":1440},{"@type":"BreadcrumbList","@id":"https:\/\/empowermigrantwomen.eu\/pt-pt\/2-a-reuniao-transnacional-do-projeto-empowerher-em-granada-atualizacao-e-planeamento-das-proximas-tarefas#breadcrumb","itemListElement":[{"@type":"ListItem","position":1,"name":"Home","item":"https:\/\/empowermigrantwomen.eu\/"},{"@type":"ListItem","position":2,"name":"2.\u00aa Reuni\u00e3o Transnacional do Projeto EmpowerHer em Granada: atualiza\u00e7\u00e3o e planeamento das pr\u00f3ximas tarefas"}]},{"@type":"WebSite","@id":"https:\/\/empowermigrantwomen.eu\/fr\/#website","url":"https:\/\/empowermigrantwomen.eu\/fr\/","name":"EmpowerHer","description":"","publisher":{"@id":"https:\/\/empowermigrantwomen.eu\/fr\/#organization"},"potentialAction":[{"@type":"SearchAction","target":{"@type":"EntryPoint","urlTemplate":"https:\/\/empowermigrantwomen.eu\/fr\/?s={search_term_string}"},"query-input":{"@type":"PropertyValueSpecification","valueRequired":true,"valueName":"search_term_string"}}],"inLanguage":"pt-PT"},{"@type":"Organization","@id":"https:\/\/empowermigrantwomen.eu\/fr\/#organization","name":"EmpowerHer","url":"https:\/\/empowermigrantwomen.eu\/fr\/","logo":{"@type":"ImageObject","inLanguage":"pt-PT","@id":"https:\/\/empowermigrantwomen.eu\/fr\/#\/schema\/logo\/image\/","url":"https:\/\/empowermigrantwomen.eu\/wp-content\/uploads\/2025\/04\/EmpowerHer-horizontal-logo.png","contentUrl":"https:\/\/empowermigrantwomen.eu\/wp-content\/uploads\/2025\/04\/EmpowerHer-horizontal-logo.png","width":4096,"height":1543,"caption":"EmpowerHer"},"image":{"@id":"https:\/\/empowermigrantwomen.eu\/fr\/#\/schema\/logo\/image\/"}},{"@type":"Person","@id":"https:\/\/empowermigrantwomen.eu\/fr\/#\/schema\/person\/7f16ce8b22340d8edcafcc9795e6bc29","name":"empowerher","image":{"@type":"ImageObject","inLanguage":"pt-PT","@id":"https:\/\/secure.gravatar.com\/avatar\/d72d70e7a7995c01f626e4d1c4ed97de16eb87b8f1cc8814a5c830fd3734c74f?s=96&d=mm&r=g","url":"https:\/\/secure.gravatar.com\/avatar\/d72d70e7a7995c01f626e4d1c4ed97de16eb87b8f1cc8814a5c830fd3734c74f?s=96&d=mm&r=g","contentUrl":"https:\/\/secure.gravatar.com\/avatar\/d72d70e7a7995c01f626e4d1c4ed97de16eb87b8f1cc8814a5c830fd3734c74f?s=96&d=mm&r=g","caption":"empowerher"},"sameAs":["https:\/\/empowermigrantwoman.eu"],"url":"https:\/\/empowermigrantwomen.eu\/pt-pt\/author\/empowerher"}]}},"_links":{"self":[{"href":"https:\/\/empowermigrantwomen.eu\/pt-pt\/wp-json\/wp\/v2\/posts\/1216","targetHints":{"allow":["GET"]}}],"collection":[{"href":"https:\/\/empowermigrantwomen.eu\/pt-pt\/wp-json\/wp\/v2\/posts"}],"about":[{"href":"https:\/\/empowermigrantwomen.eu\/pt-pt\/wp-json\/wp\/v2\/types\/post"}],"author":[{"embeddable":true,"href":"https:\/\/empowermigrantwomen.eu\/pt-pt\/wp-json\/wp\/v2\/users\/1"}],"replies":[{"embeddable":true,"href":"https:\/\/empowermigrantwomen.eu\/pt-pt\/wp-json\/wp\/v2\/comments?post=1216"}],"version-history":[{"count":1,"href":"https:\/\/empowermigrantwomen.eu\/pt-pt\/wp-json\/wp\/v2\/posts\/1216\/revisions"}],"predecessor-version":[{"id":1217,"href":"https:\/\/empowermigrantwomen.eu\/pt-pt\/wp-json\/wp\/v2\/posts\/1216\/revisions\/1217"}],"wp:featuredmedia":[{"embeddable":true,"href":"https:\/\/empowermigrantwomen.eu\/pt-pt\/wp-json\/wp\/v2\/media\/1156"}],"wp:attachment":[{"href":"https:\/\/empowermigrantwomen.eu\/pt-pt\/wp-json\/wp\/v2\/media?parent=1216"}],"wp:term":[{"taxonomy":"category","embeddable":true,"href":"https:\/\/empowermigrantwomen.eu\/pt-pt\/wp-json\/wp\/v2\/categories?post=1216"},{"taxonomy":"post_tag","embeddable":true,"href":"https:\/\/empowermigrantwomen.eu\/pt-pt\/wp-json\/wp\/v2\/tags?post=1216"}],"curies":[{"name":"wp","href":"https:\/\/api.w.org\/{rel}","templated":true}]}}