{"id":1245,"date":"2026-01-13T08:52:09","date_gmt":"2026-01-13T08:52:09","guid":{"rendered":"https:\/\/empowermigrantwomen.eu\/o-projeto-empowerher-na-revista-elm-magazine"},"modified":"2026-01-13T08:59:42","modified_gmt":"2026-01-13T08:59:42","slug":"o-projeto-empowerher-na-revista-elm-magazine","status":"publish","type":"post","link":"https:\/\/empowermigrantwomen.eu\/pt-pt\/o-projeto-empowerher-na-revista-elm-magazine","title":{"rendered":"O projeto EmpowerHer na revista ELM Magazine"},"content":{"rendered":"\t\t<div data-elementor-type=\"wp-post\" data-elementor-id=\"1245\" class=\"elementor elementor-1245 elementor-1232\" data-elementor-post-type=\"post\">\n\t\t\t\t<div class=\"elementor-element elementor-element-fe40ca5 e-flex e-con-boxed e-con e-parent\" data-id=\"fe40ca5\" data-element_type=\"container\" data-e-type=\"container\">\n\t\t\t\t\t<div class=\"e-con-inner\">\n\t\t\t\t<div class=\"elementor-element elementor-element-978dec5 elementor-widget elementor-widget-text-editor\" data-id=\"978dec5\" data-element_type=\"widget\" data-e-type=\"widget\" data-widget_type=\"text-editor.default\">\n\t\t\t\t<div class=\"elementor-widget-container\">\n\t\t\t\t\t\t\t\t\t<p>A ELM Magazine publicou uma entrevista interessante com a nossa parceira do projeto, Mona Pielorz, onde ela fala sobre o papel do projeto EmpowerHer na amplia\u00e7\u00e3o das oportunidades das mulheres migrantes atrav\u00e9s do reconhecimento das suas compet\u00eancias e experi\u00eancias. O artigo aborda como o Reconhecimento de Aprendizagens Pr\u00e9vias (Recognition of Prior Learning \u2013 RPL) pode ajud\u00e1-las a tornar vis\u00edveis as suas compet\u00eancias, ganhar confian\u00e7a e abrir novas portas no mercado de trabalho europeu. <\/p>\t\t\t\t\t\t\t\t<\/div>\n\t\t\t\t<\/div>\n\t\t\t\t<div data-dce-background-color=\"#9FDD2A\" class=\"elementor-element elementor-element-7e4cb99 elementor-align-center elementor-widget elementor-widget-button\" data-id=\"7e4cb99\" data-element_type=\"widget\" data-e-type=\"widget\" data-widget_type=\"button.default\">\n\t\t\t\t<div class=\"elementor-widget-container\">\n\t\t\t\t\t\t\t\t\t<div class=\"elementor-button-wrapper\">\n\t\t\t\t\t<a class=\"elementor-button elementor-button-link elementor-size-sm\" href=\"https:\/\/elmmagazine.eu\/recognition-of-prior-learning-helps-migrant-women-unlock-their-potential\/?utm_source=chatgpt.com\" target=\"_blank\">\n\t\t\t\t\t\t<span class=\"elementor-button-content-wrapper\">\n\t\t\t\t\t\t<span class=\"elementor-button-icon\">\n\t\t\t\t<svg aria-hidden=\"true\" class=\"e-font-icon-svg e-fas-external-link-alt\" viewBox=\"0 0 512 512\" xmlns=\"http:\/\/www.w3.org\/2000\/svg\"><path d=\"M432,320H400a16,16,0,0,0-16,16V448H64V128H208a16,16,0,0,0,16-16V80a16,16,0,0,0-16-16H48A48,48,0,0,0,0,112V464a48,48,0,0,0,48,48H400a48,48,0,0,0,48-48V336A16,16,0,0,0,432,320ZM488,0h-128c-21.37,0-32.05,25.91-17,41l35.73,35.73L135,320.37a24,24,0,0,0,0,34L157.67,377a24,24,0,0,0,34,0L435.28,133.32,471,169c15,15,41,4.5,41-17V24A24,24,0,0,0,488,0Z\"><\/path><\/svg>\t\t\t<\/span>\n\t\t\t\t\t\t\t\t\t<span class=\"elementor-button-text\">Leia a not\u00edcia completa aqui<\/span>\n\t\t\t\t\t<\/span>\n\t\t\t\t\t<\/a>\n\t\t\t\t<\/div>\n\t\t\t\t\t\t\t\t<\/div>\n\t\t\t\t<\/div>\n\t\t\t\t\t<\/div>\n\t\t\t\t<\/div>\n\t\t\t\t<\/div>\n\t\t","protected":false},"excerpt":{"rendered":"<p>A ELM Magazine publicou uma entrevista interessante com a nossa parceira do projeto, Mona Pielorz, onde ela fala sobre o papel do projeto EmpowerHer na amplia\u00e7\u00e3o das oportunidades das mulheres migrantes atrav\u00e9s do reconhecimento das suas compet\u00eancias e experi\u00eancias. O artigo aborda como o Reconhecimento de Aprendizagens Pr\u00e9vias (Recognition of Prior Learning \u2013 RPL) pode [&hellip;]<\/p>\n","protected":false},"author":1,"featured_media":1244,"comment_status":"closed","ping_status":"open","sticky":false,"template":"","format":"standard","meta":{"_eb_attr":"","footnotes":""},"categories":[46],"tags":[],"class_list":["post-1245","post","type-post","status-publish","format-standard","has-post-thumbnail","hentry","category-noticias"],"yoast_head":"<!-- This site is optimized with the Yoast SEO plugin v27.4 - https:\/\/yoast.com\/product\/yoast-seo-wordpress\/ -->\n<title>O projeto EmpowerHer na revista ELM Magazine - EmpowerHer<\/title>\n<meta name=\"robots\" content=\"index, follow, max-snippet:-1, max-image-preview:large, max-video-preview:-1\" \/>\n<link rel=\"canonical\" href=\"https:\/\/empowermigrantwomen.eu\/pt-pt\/o-projeto-empowerher-na-revista-elm-magazine\" \/>\n<meta property=\"og:locale\" content=\"pt_PT\" \/>\n<meta property=\"og:type\" content=\"article\" \/>\n<meta property=\"og:title\" content=\"O projeto EmpowerHer na revista ELM Magazine - EmpowerHer\" \/>\n<meta property=\"og:description\" content=\"A ELM Magazine publicou uma entrevista interessante com a nossa parceira do projeto, Mona Pielorz, onde ela fala sobre o papel do projeto EmpowerHer na amplia\u00e7\u00e3o das oportunidades das mulheres migrantes atrav\u00e9s do reconhecimento das suas compet\u00eancias e experi\u00eancias. O artigo aborda como o Reconhecimento de Aprendizagens Pr\u00e9vias (Recognition of Prior Learning \u2013 RPL) pode [&hellip;]\" \/>\n<meta property=\"og:url\" content=\"https:\/\/empowermigrantwomen.eu\/pt-pt\/o-projeto-empowerher-na-revista-elm-magazine\" \/>\n<meta property=\"og:site_name\" content=\"EmpowerHer\" \/>\n<meta property=\"article:published_time\" content=\"2026-01-13T08:52:09+00:00\" \/>\n<meta property=\"article:modified_time\" content=\"2026-01-13T08:59:42+00:00\" \/>\n<meta property=\"og:image\" content=\"https:\/\/empowermigrantwomen.eu\/wp-content\/uploads\/2026\/01\/uusi-OK-for-WP-M_Pielorz_25.jpg\" \/>\n\t<meta property=\"og:image:width\" content=\"2111\" \/>\n\t<meta property=\"og:image:height\" content=\"1926\" \/>\n\t<meta property=\"og:image:type\" content=\"image\/jpeg\" \/>\n<meta name=\"author\" content=\"empowerher\" \/>\n<meta name=\"twitter:card\" content=\"summary_large_image\" \/>\n<meta name=\"twitter:label1\" content=\"Escrito por\" \/>\n\t<meta name=\"twitter:data1\" content=\"empowerher\" \/>\n<script type=\"application\/ld+json\" class=\"yoast-schema-graph\">{\"@context\":\"https:\\\/\\\/schema.org\",\"@graph\":[{\"@type\":\"Article\",\"@id\":\"https:\\\/\\\/empowermigrantwomen.eu\\\/pt-pt\\\/o-projeto-empowerher-na-revista-elm-magazine#article\",\"isPartOf\":{\"@id\":\"https:\\\/\\\/empowermigrantwomen.eu\\\/pt-pt\\\/o-projeto-empowerher-na-revista-elm-magazine\"},\"author\":{\"name\":\"empowerher\",\"@id\":\"https:\\\/\\\/empowermigrantwomen.eu\\\/fr\\\/#\\\/schema\\\/person\\\/7f16ce8b22340d8edcafcc9795e6bc29\"},\"headline\":\"O projeto EmpowerHer na revista ELM Magazine\",\"datePublished\":\"2026-01-13T08:52:09+00:00\",\"dateModified\":\"2026-01-13T08:59:42+00:00\",\"mainEntityOfPage\":{\"@id\":\"https:\\\/\\\/empowermigrantwomen.eu\\\/pt-pt\\\/o-projeto-empowerher-na-revista-elm-magazine\"},\"wordCount\":94,\"publisher\":{\"@id\":\"https:\\\/\\\/empowermigrantwomen.eu\\\/fr\\\/#organization\"},\"image\":{\"@id\":\"https:\\\/\\\/empowermigrantwomen.eu\\\/pt-pt\\\/o-projeto-empowerher-na-revista-elm-magazine#primaryimage\"},\"thumbnailUrl\":\"https:\\\/\\\/empowermigrantwomen.eu\\\/wp-content\\\/uploads\\\/2026\\\/01\\\/uusi-OK-for-WP-M_Pielorz_25.jpg\",\"articleSection\":[\"Not\u00edcias\"],\"inLanguage\":\"pt-PT\"},{\"@type\":\"WebPage\",\"@id\":\"https:\\\/\\\/empowermigrantwomen.eu\\\/pt-pt\\\/o-projeto-empowerher-na-revista-elm-magazine\",\"url\":\"https:\\\/\\\/empowermigrantwomen.eu\\\/pt-pt\\\/o-projeto-empowerher-na-revista-elm-magazine\",\"name\":\"O projeto EmpowerHer na revista ELM Magazine - EmpowerHer\",\"isPartOf\":{\"@id\":\"https:\\\/\\\/empowermigrantwomen.eu\\\/fr\\\/#website\"},\"primaryImageOfPage\":{\"@id\":\"https:\\\/\\\/empowermigrantwomen.eu\\\/pt-pt\\\/o-projeto-empowerher-na-revista-elm-magazine#primaryimage\"},\"image\":{\"@id\":\"https:\\\/\\\/empowermigrantwomen.eu\\\/pt-pt\\\/o-projeto-empowerher-na-revista-elm-magazine#primaryimage\"},\"thumbnailUrl\":\"https:\\\/\\\/empowermigrantwomen.eu\\\/wp-content\\\/uploads\\\/2026\\\/01\\\/uusi-OK-for-WP-M_Pielorz_25.jpg\",\"datePublished\":\"2026-01-13T08:52:09+00:00\",\"dateModified\":\"2026-01-13T08:59:42+00:00\",\"breadcrumb\":{\"@id\":\"https:\\\/\\\/empowermigrantwomen.eu\\\/pt-pt\\\/o-projeto-empowerher-na-revista-elm-magazine#breadcrumb\"},\"inLanguage\":\"pt-PT\",\"potentialAction\":[{\"@type\":\"ReadAction\",\"target\":[\"https:\\\/\\\/empowermigrantwomen.eu\\\/pt-pt\\\/o-projeto-empowerher-na-revista-elm-magazine\"]}]},{\"@type\":\"ImageObject\",\"inLanguage\":\"pt-PT\",\"@id\":\"https:\\\/\\\/empowermigrantwomen.eu\\\/pt-pt\\\/o-projeto-empowerher-na-revista-elm-magazine#primaryimage\",\"url\":\"https:\\\/\\\/empowermigrantwomen.eu\\\/wp-content\\\/uploads\\\/2026\\\/01\\\/uusi-OK-for-WP-M_Pielorz_25.jpg\",\"contentUrl\":\"https:\\\/\\\/empowermigrantwomen.eu\\\/wp-content\\\/uploads\\\/2026\\\/01\\\/uusi-OK-for-WP-M_Pielorz_25.jpg\",\"width\":2111,\"height\":1926},{\"@type\":\"BreadcrumbList\",\"@id\":\"https:\\\/\\\/empowermigrantwomen.eu\\\/pt-pt\\\/o-projeto-empowerher-na-revista-elm-magazine#breadcrumb\",\"itemListElement\":[{\"@type\":\"ListItem\",\"position\":1,\"name\":\"Home\",\"item\":\"https:\\\/\\\/empowermigrantwomen.eu\\\/\"},{\"@type\":\"ListItem\",\"position\":2,\"name\":\"O projeto EmpowerHer na revista ELM Magazine\"}]},{\"@type\":\"WebSite\",\"@id\":\"https:\\\/\\\/empowermigrantwomen.eu\\\/fr\\\/#website\",\"url\":\"https:\\\/\\\/empowermigrantwomen.eu\\\/fr\\\/\",\"name\":\"EmpowerHer\",\"description\":\"\",\"publisher\":{\"@id\":\"https:\\\/\\\/empowermigrantwomen.eu\\\/fr\\\/#organization\"},\"potentialAction\":[{\"@type\":\"SearchAction\",\"target\":{\"@type\":\"EntryPoint\",\"urlTemplate\":\"https:\\\/\\\/empowermigrantwomen.eu\\\/fr\\\/?s={search_term_string}\"},\"query-input\":{\"@type\":\"PropertyValueSpecification\",\"valueRequired\":true,\"valueName\":\"search_term_string\"}}],\"inLanguage\":\"pt-PT\"},{\"@type\":\"Organization\",\"@id\":\"https:\\\/\\\/empowermigrantwomen.eu\\\/fr\\\/#organization\",\"name\":\"EmpowerHer\",\"url\":\"https:\\\/\\\/empowermigrantwomen.eu\\\/fr\\\/\",\"logo\":{\"@type\":\"ImageObject\",\"inLanguage\":\"pt-PT\",\"@id\":\"https:\\\/\\\/empowermigrantwomen.eu\\\/fr\\\/#\\\/schema\\\/logo\\\/image\\\/\",\"url\":\"https:\\\/\\\/empowermigrantwomen.eu\\\/wp-content\\\/uploads\\\/2025\\\/04\\\/EmpowerHer-horizontal-logo.png\",\"contentUrl\":\"https:\\\/\\\/empowermigrantwomen.eu\\\/wp-content\\\/uploads\\\/2025\\\/04\\\/EmpowerHer-horizontal-logo.png\",\"width\":4096,\"height\":1543,\"caption\":\"EmpowerHer\"},\"image\":{\"@id\":\"https:\\\/\\\/empowermigrantwomen.eu\\\/fr\\\/#\\\/schema\\\/logo\\\/image\\\/\"}},{\"@type\":\"Person\",\"@id\":\"https:\\\/\\\/empowermigrantwomen.eu\\\/fr\\\/#\\\/schema\\\/person\\\/7f16ce8b22340d8edcafcc9795e6bc29\",\"name\":\"empowerher\",\"image\":{\"@type\":\"ImageObject\",\"inLanguage\":\"pt-PT\",\"@id\":\"https:\\\/\\\/secure.gravatar.com\\\/avatar\\\/d72d70e7a7995c01f626e4d1c4ed97de16eb87b8f1cc8814a5c830fd3734c74f?s=96&d=mm&r=g\",\"url\":\"https:\\\/\\\/secure.gravatar.com\\\/avatar\\\/d72d70e7a7995c01f626e4d1c4ed97de16eb87b8f1cc8814a5c830fd3734c74f?s=96&d=mm&r=g\",\"contentUrl\":\"https:\\\/\\\/secure.gravatar.com\\\/avatar\\\/d72d70e7a7995c01f626e4d1c4ed97de16eb87b8f1cc8814a5c830fd3734c74f?s=96&d=mm&r=g\",\"caption\":\"empowerher\"},\"sameAs\":[\"https:\\\/\\\/empowermigrantwoman.eu\"],\"url\":\"https:\\\/\\\/empowermigrantwomen.eu\\\/pt-pt\\\/author\\\/empowerher\"}]}<\/script>\n<!-- \/ Yoast SEO plugin. -->","yoast_head_json":{"title":"O projeto EmpowerHer na revista ELM Magazine - EmpowerHer","robots":{"index":"index","follow":"follow","max-snippet":"max-snippet:-1","max-image-preview":"max-image-preview:large","max-video-preview":"max-video-preview:-1"},"canonical":"https:\/\/empowermigrantwomen.eu\/pt-pt\/o-projeto-empowerher-na-revista-elm-magazine","og_locale":"pt_PT","og_type":"article","og_title":"O projeto EmpowerHer na revista ELM Magazine - EmpowerHer","og_description":"A ELM Magazine publicou uma entrevista interessante com a nossa parceira do projeto, Mona Pielorz, onde ela fala sobre o papel do projeto EmpowerHer na amplia\u00e7\u00e3o das oportunidades das mulheres migrantes atrav\u00e9s do reconhecimento das suas compet\u00eancias e experi\u00eancias. O artigo aborda como o Reconhecimento de Aprendizagens Pr\u00e9vias (Recognition of Prior Learning \u2013 RPL) pode [&hellip;]","og_url":"https:\/\/empowermigrantwomen.eu\/pt-pt\/o-projeto-empowerher-na-revista-elm-magazine","og_site_name":"EmpowerHer","article_published_time":"2026-01-13T08:52:09+00:00","article_modified_time":"2026-01-13T08:59:42+00:00","og_image":[{"width":2111,"height":1926,"url":"https:\/\/empowermigrantwomen.eu\/wp-content\/uploads\/2026\/01\/uusi-OK-for-WP-M_Pielorz_25.jpg","type":"image\/jpeg"}],"author":"empowerher","twitter_card":"summary_large_image","twitter_misc":{"Escrito por":"empowerher"},"schema":{"@context":"https:\/\/schema.org","@graph":[{"@type":"Article","@id":"https:\/\/empowermigrantwomen.eu\/pt-pt\/o-projeto-empowerher-na-revista-elm-magazine#article","isPartOf":{"@id":"https:\/\/empowermigrantwomen.eu\/pt-pt\/o-projeto-empowerher-na-revista-elm-magazine"},"author":{"name":"empowerher","@id":"https:\/\/empowermigrantwomen.eu\/fr\/#\/schema\/person\/7f16ce8b22340d8edcafcc9795e6bc29"},"headline":"O projeto EmpowerHer na revista ELM Magazine","datePublished":"2026-01-13T08:52:09+00:00","dateModified":"2026-01-13T08:59:42+00:00","mainEntityOfPage":{"@id":"https:\/\/empowermigrantwomen.eu\/pt-pt\/o-projeto-empowerher-na-revista-elm-magazine"},"wordCount":94,"publisher":{"@id":"https:\/\/empowermigrantwomen.eu\/fr\/#organization"},"image":{"@id":"https:\/\/empowermigrantwomen.eu\/pt-pt\/o-projeto-empowerher-na-revista-elm-magazine#primaryimage"},"thumbnailUrl":"https:\/\/empowermigrantwomen.eu\/wp-content\/uploads\/2026\/01\/uusi-OK-for-WP-M_Pielorz_25.jpg","articleSection":["Not\u00edcias"],"inLanguage":"pt-PT"},{"@type":"WebPage","@id":"https:\/\/empowermigrantwomen.eu\/pt-pt\/o-projeto-empowerher-na-revista-elm-magazine","url":"https:\/\/empowermigrantwomen.eu\/pt-pt\/o-projeto-empowerher-na-revista-elm-magazine","name":"O projeto EmpowerHer na revista ELM Magazine - EmpowerHer","isPartOf":{"@id":"https:\/\/empowermigrantwomen.eu\/fr\/#website"},"primaryImageOfPage":{"@id":"https:\/\/empowermigrantwomen.eu\/pt-pt\/o-projeto-empowerher-na-revista-elm-magazine#primaryimage"},"image":{"@id":"https:\/\/empowermigrantwomen.eu\/pt-pt\/o-projeto-empowerher-na-revista-elm-magazine#primaryimage"},"thumbnailUrl":"https:\/\/empowermigrantwomen.eu\/wp-content\/uploads\/2026\/01\/uusi-OK-for-WP-M_Pielorz_25.jpg","datePublished":"2026-01-13T08:52:09+00:00","dateModified":"2026-01-13T08:59:42+00:00","breadcrumb":{"@id":"https:\/\/empowermigrantwomen.eu\/pt-pt\/o-projeto-empowerher-na-revista-elm-magazine#breadcrumb"},"inLanguage":"pt-PT","potentialAction":[{"@type":"ReadAction","target":["https:\/\/empowermigrantwomen.eu\/pt-pt\/o-projeto-empowerher-na-revista-elm-magazine"]}]},{"@type":"ImageObject","inLanguage":"pt-PT","@id":"https:\/\/empowermigrantwomen.eu\/pt-pt\/o-projeto-empowerher-na-revista-elm-magazine#primaryimage","url":"https:\/\/empowermigrantwomen.eu\/wp-content\/uploads\/2026\/01\/uusi-OK-for-WP-M_Pielorz_25.jpg","contentUrl":"https:\/\/empowermigrantwomen.eu\/wp-content\/uploads\/2026\/01\/uusi-OK-for-WP-M_Pielorz_25.jpg","width":2111,"height":1926},{"@type":"BreadcrumbList","@id":"https:\/\/empowermigrantwomen.eu\/pt-pt\/o-projeto-empowerher-na-revista-elm-magazine#breadcrumb","itemListElement":[{"@type":"ListItem","position":1,"name":"Home","item":"https:\/\/empowermigrantwomen.eu\/"},{"@type":"ListItem","position":2,"name":"O projeto EmpowerHer na revista ELM Magazine"}]},{"@type":"WebSite","@id":"https:\/\/empowermigrantwomen.eu\/fr\/#website","url":"https:\/\/empowermigrantwomen.eu\/fr\/","name":"EmpowerHer","description":"","publisher":{"@id":"https:\/\/empowermigrantwomen.eu\/fr\/#organization"},"potentialAction":[{"@type":"SearchAction","target":{"@type":"EntryPoint","urlTemplate":"https:\/\/empowermigrantwomen.eu\/fr\/?s={search_term_string}"},"query-input":{"@type":"PropertyValueSpecification","valueRequired":true,"valueName":"search_term_string"}}],"inLanguage":"pt-PT"},{"@type":"Organization","@id":"https:\/\/empowermigrantwomen.eu\/fr\/#organization","name":"EmpowerHer","url":"https:\/\/empowermigrantwomen.eu\/fr\/","logo":{"@type":"ImageObject","inLanguage":"pt-PT","@id":"https:\/\/empowermigrantwomen.eu\/fr\/#\/schema\/logo\/image\/","url":"https:\/\/empowermigrantwomen.eu\/wp-content\/uploads\/2025\/04\/EmpowerHer-horizontal-logo.png","contentUrl":"https:\/\/empowermigrantwomen.eu\/wp-content\/uploads\/2025\/04\/EmpowerHer-horizontal-logo.png","width":4096,"height":1543,"caption":"EmpowerHer"},"image":{"@id":"https:\/\/empowermigrantwomen.eu\/fr\/#\/schema\/logo\/image\/"}},{"@type":"Person","@id":"https:\/\/empowermigrantwomen.eu\/fr\/#\/schema\/person\/7f16ce8b22340d8edcafcc9795e6bc29","name":"empowerher","image":{"@type":"ImageObject","inLanguage":"pt-PT","@id":"https:\/\/secure.gravatar.com\/avatar\/d72d70e7a7995c01f626e4d1c4ed97de16eb87b8f1cc8814a5c830fd3734c74f?s=96&d=mm&r=g","url":"https:\/\/secure.gravatar.com\/avatar\/d72d70e7a7995c01f626e4d1c4ed97de16eb87b8f1cc8814a5c830fd3734c74f?s=96&d=mm&r=g","contentUrl":"https:\/\/secure.gravatar.com\/avatar\/d72d70e7a7995c01f626e4d1c4ed97de16eb87b8f1cc8814a5c830fd3734c74f?s=96&d=mm&r=g","caption":"empowerher"},"sameAs":["https:\/\/empowermigrantwoman.eu"],"url":"https:\/\/empowermigrantwomen.eu\/pt-pt\/author\/empowerher"}]}},"_links":{"self":[{"href":"https:\/\/empowermigrantwomen.eu\/pt-pt\/wp-json\/wp\/v2\/posts\/1245","targetHints":{"allow":["GET"]}}],"collection":[{"href":"https:\/\/empowermigrantwomen.eu\/pt-pt\/wp-json\/wp\/v2\/posts"}],"about":[{"href":"https:\/\/empowermigrantwomen.eu\/pt-pt\/wp-json\/wp\/v2\/types\/post"}],"author":[{"embeddable":true,"href":"https:\/\/empowermigrantwomen.eu\/pt-pt\/wp-json\/wp\/v2\/users\/1"}],"replies":[{"embeddable":true,"href":"https:\/\/empowermigrantwomen.eu\/pt-pt\/wp-json\/wp\/v2\/comments?post=1245"}],"version-history":[{"count":3,"href":"https:\/\/empowermigrantwomen.eu\/pt-pt\/wp-json\/wp\/v2\/posts\/1245\/revisions"}],"predecessor-version":[{"id":1257,"href":"https:\/\/empowermigrantwomen.eu\/pt-pt\/wp-json\/wp\/v2\/posts\/1245\/revisions\/1257"}],"wp:featuredmedia":[{"embeddable":true,"href":"https:\/\/empowermigrantwomen.eu\/pt-pt\/wp-json\/wp\/v2\/media\/1244"}],"wp:attachment":[{"href":"https:\/\/empowermigrantwomen.eu\/pt-pt\/wp-json\/wp\/v2\/media?parent=1245"}],"wp:term":[{"taxonomy":"category","embeddable":true,"href":"https:\/\/empowermigrantwomen.eu\/pt-pt\/wp-json\/wp\/v2\/categories?post=1245"},{"taxonomy":"post_tag","embeddable":true,"href":"https:\/\/empowermigrantwomen.eu\/pt-pt\/wp-json\/wp\/v2\/tags?post=1245"}],"curies":[{"name":"wp","href":"https:\/\/api.w.org\/{rel}","templated":true}]}}